{"id":275939,"date":"2014-10-25T07:56:58","date_gmt":"2014-10-25T05:56:58","guid":{"rendered":"http:\/\/www.ivg.it\/?p=275939"},"modified":"2014-10-25T07:58:00","modified_gmt":"2014-10-25T05:58:00","slug":"servizio-idrico-integrato-della-regione-liguria-raccolta-firme-del-movimento-5-stelle-savona","status":"publish","type":"post","link":"https:\/\/staging.ivg.it\/2014\/10\/servizio-idrico-integrato-della-regione-liguria-raccolta-firme-del-movimento-5-stelle-savona\/","title":{"rendered":"Servizio idrico integrato della Regione Liguria, raccolta firme del MoVimento 5 Stelle a Savona"},"content":{"rendered":"<p><strong>Savona<\/strong>. Oggi, sabato 25 ottobre, a Savona, in corso Italia, dalle 15,30 alle 18,30, i rappresentati del MoVimento 5 Stelle Savona saranno presenti per invitare la popolazione a firmare per sostenere la legge di iniziativa popolare regionale.<\/p>\n<p>In Liguria, infatti, il 4 ottobre \u00e8 stata avviata la campagna di raccolta firme a sostegno della legge d&#8217;iniziativa popolare &#8220;Servizio Idrico Integrato della Regione Liguria&#8221;.<\/p>\n<p>&#8220;Le firme da raccogliere sono 5.000 entro marzo 2015 in tutta la Regione &#8211; spiegano i promotori dell&#8217;iniziativa -. Grazie al Forum Italiano dei Movimenti per l&#8217;Acqua, di cui il Coordinamento regionale ligure dei Movimenti per l&#8217;Acqua fa parte e di cui il Movimento 5 Stelle \u00e8 sostenitore, \u00e8 stata elaborata una proposta di legge regionale che in sintesi propone un sistema di gestione pubblica, trasparente e partecipata del servizio idrico integrato secondo criteri di efficienza, efficacia ed economicit\u00e0, nel rispetto quindi dell&#8217;acqua come risorsa da tutelare, su cui non fare profitti e da non sprecare&#8221;.<\/p>\n<p>&#8220;L&#8217;acqua come bene comune che grazie al referendum del 2011 \u00e8 stata salvaguardata da un massiccio assalto dei privati per farne un mero business come tanti altri: non \u00e8 sufficiente per\u00f2 un costante controllo per evitare venga aggirata la normativa, il Comitato Acqua Bene Comune ha rilevato giustamente la necessit\u00e0 di un intervento normativo a livello regionale affinch\u00e9 vi sia una proposta di politica economica &#8211; concludono -, imperniata sulla sostenibilit\u00e0 ambientale&#8221;.<\/p>\n<p>Nei prossimi fine settimana saranno predisposti ulteriori banchetti.<\/p>\n","protected":false},"excerpt":{"rendered":"<p>Savona. Oggi, sabato 25 ottobre, a Savona, in corso Italia, dalle 15,30 alle 18,30, i rappresentati del MoVimento 5 Stelle Savona saranno presenti per invitare la popolazione a firmare per sostenere la legge di iniziativa popolare regionale. In Liguria, infatti, il 4 ottobre \u00e8 stata avviata la campagna di raccolta firme a sostegno della legge [&hellip;]<\/p>\n","protected":false},"author":13744,"featured_media":0,"comment_status":"open","ping_status":"closed","sticky":false,"template":"","format":"standard","meta":{"footnotes":""},"categories":[],"tags":[29875,6523,295,85850,52961],"class_list":["post-275939","post","type-post","status-publish","format-standard","hentry","tag-movimento-5-stelle","tag-raccolta-firme","tag-regione","tag-savona","tag-servizio-idrico-integrato","post_cat_citta-savona"],"amp_validity":null,"amp_enabled":true,"_links":{"self":[{"href":"https:\/\/staging.ivg.it\/ediapi\/wp\/v2\/posts\/275939","targetHints":{"allow":["GET"]}}],"collection":[{"href":"https:\/\/staging.ivg.it\/ediapi\/wp\/v2\/posts"}],"about":[{"href":"https:\/\/staging.ivg.it\/ediapi\/wp\/v2\/types\/post"}],"author":[{"embeddable":true,"href":"https:\/\/staging.ivg.it\/ediapi\/wp\/v2\/users\/13744"}],"replies":[{"embeddable":true,"href":"https:\/\/staging.ivg.it\/ediapi\/wp\/v2\/comments?post=275939"}],"version-history":[{"count":0,"href":"https:\/\/staging.ivg.it\/ediapi\/wp\/v2\/posts\/275939\/revisions"}],"wp:attachment":[{"href":"https:\/\/staging.ivg.it\/ediapi\/wp\/v2\/media?parent=275939"}],"wp:term":[{"taxonomy":"category","embeddable":true,"href":"https:\/\/staging.ivg.it\/ediapi\/wp\/v2\/categories?post=275939"},{"taxonomy":"post_tag","embeddable":true,"href":"https:\/\/staging.ivg.it\/ediapi\/wp\/v2\/tags?post=275939"}],"curies":[{"name":"wp","href":"https:\/\/api.w.org\/{rel}","templated":true}]}}