{"id":275631,"date":"2014-10-21T17:24:18","date_gmt":"2014-10-21T15:24:18","guid":{"rendered":"http:\/\/www.ivg.it\/?p=275631"},"modified":"2014-10-21T19:52:01","modified_gmt":"2014-10-21T17:52:01","slug":"banca-della-terra-oltre-130-richieste-di-contributi-allagricoltura-barbagallo-presenteremo-un-nuovo-bando-regionale","status":"publish","type":"post","link":"https:\/\/staging.ivg.it\/2014\/10\/banca-della-terra-oltre-130-richieste-di-contributi-allagricoltura-barbagallo-presenteremo-un-nuovo-bando-regionale\/","title":{"rendered":"Banca della Terra, oltre 130 richieste di contributi all&#8217;agricoltura. Barbagallo: &#8220;Presenteremo un nuovo bando regionale&#8221;"},"content":{"rendered":"<p><strong>Liguria.<\/strong> Sono oltre 130 le richieste di contributo arrivate alla Regione da parte delle imprese agricole che vogliono aumentare la superficie utilizzata per il recupero dei terreni incolti, a fronte di 1 milione \u20ac disponibile, come previsto dalla legge voluta dalla Giunta sulla Banca della Terra.<\/p>\n<p>Un numero di domande inaspettato che, secondo il Dipartimento regionale Agricoltura, testimonia il forte interesse da parte di aziende e proprietari ad incrementare la superficie agricola e acquistare nuovi fondi funzionali al riordino fondiario.<\/p>\n<p>&#8220;Vogliamo aprire in tempi brevissimi un nuovo bando, che dovrebbe restare aperto tutto il mese di novembre, per la concessione dei contributi, consentendo anche a coloro che hanno presentato una domanda incompleta o in ritardo di reiterare la richiesta&#8221;, spiega l&#8217;assessore regionale all&#8217;Agricoltura Giovanni Barbagallo.<\/p>\n<p>Approvata in Consiglio regionale lo scorso marzo, la legge che istituisce la Banca della Terra era stata annunciata nel 2012 per preservare il territorio attraverso il rilancio delle attivit\u00e0 agricole e forestali, favorendo la ripresa dell&#8217;agricoltura e della selvicoltura. In Liguria, infatti, nell&#8217;ultimo mezzo secolo si \u00e8 registrata una pesante diminuzione della superficie coltivata, passata dal 40% sul totale del territorio nel 1961 all&#8217;8% di oggi, con il parallelo aumento della superficie boscosa dal 44% al 70%.<\/p>\n<p>Intanto si \u00e8 chiuso nei giorni scorsi un altro bando, relativo alla costituzione di consorzi tra proprietari di boschi per la gestione associata delle risorse forestali. &#8220;Potranno sorgere quattro nuovi concorsi per lo sviluppo della selvicoltura, un&#8217;attivit\u00e0 molto importante in Liguria, che \u00e8 la prima regione in Italia per indice di boscosit\u00e0&#8221;, aggiunge Barbagallo.<\/p>\n","protected":false},"excerpt":{"rendered":"<p>Liguria. Sono oltre 130 le richieste di contributo arrivate alla Regione da parte delle imprese agricole che vogliono aumentare la superficie utilizzata per il recupero dei terreni incolti, a fronte di 1 milione \u20ac disponibile, come previsto dalla legge voluta dalla Giunta sulla Banca della Terra. Un numero di domande inaspettato che, secondo il Dipartimento [&hellip;]<\/p>\n","protected":false},"author":13744,"featured_media":0,"comment_status":"open","ping_status":"closed","sticky":false,"template":"","format":"standard","meta":{"footnotes":""},"categories":[],"tags":[560,52236,42643,23275,21808,223],"class_list":["post-275631","post","type-post","status-publish","format-standard","hentry","tag-agricoltura","tag-banca-della-terra","tag-foreste","tag-giovanni-barbagallo","tag-imprese-agricole","tag-regione-liguria","post_cat_citta-andora"],"amp_validity":null,"amp_enabled":true,"_links":{"self":[{"href":"https:\/\/staging.ivg.it\/ediapi\/wp\/v2\/posts\/275631","targetHints":{"allow":["GET"]}}],"collection":[{"href":"https:\/\/staging.ivg.it\/ediapi\/wp\/v2\/posts"}],"about":[{"href":"https:\/\/staging.ivg.it\/ediapi\/wp\/v2\/types\/post"}],"author":[{"embeddable":true,"href":"https:\/\/staging.ivg.it\/ediapi\/wp\/v2\/users\/13744"}],"replies":[{"embeddable":true,"href":"https:\/\/staging.ivg.it\/ediapi\/wp\/v2\/comments?post=275631"}],"version-history":[{"count":0,"href":"https:\/\/staging.ivg.it\/ediapi\/wp\/v2\/posts\/275631\/revisions"}],"wp:attachment":[{"href":"https:\/\/staging.ivg.it\/ediapi\/wp\/v2\/media?parent=275631"}],"wp:term":[{"taxonomy":"category","embeddable":true,"href":"https:\/\/staging.ivg.it\/ediapi\/wp\/v2\/categories?post=275631"},{"taxonomy":"post_tag","embeddable":true,"href":"https:\/\/staging.ivg.it\/ediapi\/wp\/v2\/tags?post=275631"}],"curies":[{"name":"wp","href":"https:\/\/api.w.org\/{rel}","templated":true}]}}