{"id":275595,"date":"2014-10-21T12:30:58","date_gmt":"2014-10-21T10:30:58","guid":{"rendered":"http:\/\/www.ivg.it\/?p=275595"},"modified":"2014-10-21T12:30:58","modified_gmt":"2014-10-21T10:30:58","slug":"albenga-lasilo-nido-girotondo-accreditato-dalla-regione-merito-di-competenza-passione-e-progetti","status":"publish","type":"post","link":"https:\/\/staging.ivg.it\/2014\/10\/albenga-lasilo-nido-girotondo-accreditato-dalla-regione-merito-di-competenza-passione-e-progetti\/","title":{"rendered":"Albenga, l&#8217;asilo nido &#8220;Girotondo&#8221; accreditato dalla Regione: &#8220;Merito di competenza, passione e progetti&#8221;"},"content":{"rendered":"<p><strong>Albenga.<\/strong> &#8220;In un momento storico in cui in prima pagina compaiono soventemente i disservizi, \u00e8 bello constatare che molte cose nel nostro paese funzionano ancora. E se a funzionare sono i servizi a contatto con i bambini e le famiglie, \u00e8 un segno ancor pi\u00f9 incoraggiante&#8221;. Questo il commento che arriva dalla direzione del nido d\u2019infanzia \u201cGirotondo\u201d di Albenga, considerato una delle eccellenze del territorio ingauno.<\/p>\n<p>L&#8217;asilo albenganese \u00e8 stato infatti accreditato dalla Regione Liguria con ottime valutazioni a poco pi\u00f9 di un anno dall\u2019apertura. Sono molti gli elementi positivi notati dalla commissione regionale e sottolineati nel verbale di valutazione conclusiva: un ambiente sereno, organizzato per angoli tematici, dove si osserva una buona relazione tra pari, tra i bambini e le educatrici e tra l\u2019equipe di professionisti.<\/p>\n<p>&#8220;Ci\u00f2 che colpisce del Girotondo \u00e8 la competenza pedagogica, la passione, la progettualit\u00e0 &#8211; dicono dalla direzione &#8211; elementi che traspaiono dalla cura dei dettagli e osservando le educatrici e i bambini. In questo clima caldo e familiare i bambini sono stimolati nell\u2019autonomia, nel gioco, cos\u00ec come al momento del pasto e della nanna&#8221;.<\/p>\n<p>&#8220;Ogni attivit\u00e0 strutturata \u00e8 pensata dalle educatrici per permettere ai bimbi di sperimentare, giocare, socializzare &#8211; spiegano dal Girotondo &#8211; per vivere concretamente i loro diritti naturali, ricordati da Zavalloni e affissi all\u2019ingresso, quasi a rappresentare il manifesto del nido. La relazione continua, sottolineando l\u2019ottima organizzazione degli ambienti e l\u2019intenzionalit\u00e0 pedagogica che si respira in tutti gli angoli di interesse: dall\u2019area del gioco simbolico a quella della psicomotricit\u00e0, a quella della scoperta. Il progetto pedagogico del nido risulta quindi chiaro, completo e ottimamente strutturato&#8221;.<\/p>\n<p>&#8220;Si evidenzia anche l\u2019alta partecipazione delle famiglie, la continuit\u00e0 con la scuola d\u2019infanzia e  un ottimo lavoro di rete con il territorio. Insomma la passione, la competenza e l\u2019impegno in questo caso vengono premiati &#8211; concludono dalla direzione del nido &#8211; Finalmente una buona notizia&#8221;.<\/p>\n","protected":false},"excerpt":{"rendered":"<p>Albenga. &#8220;In un momento storico in cui in prima pagina compaiono soventemente i disservizi, \u00e8 bello constatare che molte cose nel nostro paese funzionano ancora. E se a funzionare sono i servizi a contatto con i bambini e le famiglie, \u00e8 un segno ancor pi\u00f9 incoraggiante&#8221;. Questo il commento che arriva dalla direzione del nido [&hellip;]<\/p>\n","protected":false},"author":13744,"featured_media":0,"comment_status":"open","ping_status":"closed","sticky":false,"template":"","format":"standard","meta":{"footnotes":""},"categories":[57712],"tags":[85841,334],"class_list":["post-275595","post","type-post","status-publish","format-standard","hentry","category-bambini","tag-albenga","tag-asilo-nido","post_cat_citta-albenga"],"amp_validity":null,"amp_enabled":true,"_links":{"self":[{"href":"https:\/\/staging.ivg.it\/ediapi\/wp\/v2\/posts\/275595","targetHints":{"allow":["GET"]}}],"collection":[{"href":"https:\/\/staging.ivg.it\/ediapi\/wp\/v2\/posts"}],"about":[{"href":"https:\/\/staging.ivg.it\/ediapi\/wp\/v2\/types\/post"}],"author":[{"embeddable":true,"href":"https:\/\/staging.ivg.it\/ediapi\/wp\/v2\/users\/13744"}],"replies":[{"embeddable":true,"href":"https:\/\/staging.ivg.it\/ediapi\/wp\/v2\/comments?post=275595"}],"version-history":[{"count":0,"href":"https:\/\/staging.ivg.it\/ediapi\/wp\/v2\/posts\/275595\/revisions"}],"wp:attachment":[{"href":"https:\/\/staging.ivg.it\/ediapi\/wp\/v2\/media?parent=275595"}],"wp:term":[{"taxonomy":"category","embeddable":true,"href":"https:\/\/staging.ivg.it\/ediapi\/wp\/v2\/categories?post=275595"},{"taxonomy":"post_tag","embeddable":true,"href":"https:\/\/staging.ivg.it\/ediapi\/wp\/v2\/tags?post=275595"}],"curies":[{"name":"wp","href":"https:\/\/api.w.org\/{rel}","templated":true}]}}