{"id":275427,"date":"2014-10-18T14:53:38","date_gmt":"2014-10-18T12:53:38","guid":{"rendered":"http:\/\/www.ivg.it\/?p=275427"},"modified":"2014-10-18T18:09:32","modified_gmt":"2014-10-18T16:09:32","slug":"meteo-clima-mite-e-temperature-estive-ma-tra-martedi-e-mercoledi-atteso-peggioramento","status":"publish","type":"post","link":"https:\/\/staging.ivg.it\/2014\/10\/meteo-clima-mite-e-temperature-estive-ma-tra-martedi-e-mercoledi-atteso-peggioramento\/","title":{"rendered":"Meteo: clima mite e temperature estive, ma tra marted\u00ec e mercoled\u00ec atteso peggioramento"},"content":{"rendered":"<p><strong>Liguria.<\/strong> Come anticipato dalle previsioni meteo di questi giorno caldo e temperature ben al di sopra della media per questo fine settimana di met\u00e0 ottobre, ma il sole ed il clima estivo hanno le ore contate: &#8220;Fino a luned\u00ec il tempo si manterr\u00e0 stabile e molto mite sull&#8217;Italia grazie all&#8217;alta pressione africana &#8211; spiegano dal centro 3BMeteo &#8211; ma tra marted\u00ec e mercoled\u00ec ci attendiamo un brusco e repentino cambiamento delle condizioni meteo-climatiche&#8221;. <\/p>\n<p>&#8220;Per la discesa di una perturbazione pi\u00f9 fredda dal Nord Europa che porter\u00e0 rovesci e temporali anche forti, &#8211; proseguono gli esperti- dapprima al Nord, poi anche al Centro Sud&#8221;.<\/p>\n<p>I fenomeni saranno pi\u00f9 sporadici sul Nord Ovest, ma le temperature saranno in sensibile calo: anche di oltre 10 gradi in meno di 12 ore, tanto che torner\u00e0 la neve sotto i 1.500 m, non solo sulle Alpi, ma anche lungo l&#8217;Appennino. Il tutto verr\u00e0 accompagnato da un deciso rinforzo del vento, che soffier\u00e0 da Tramontana o Maestrale. <\/p>\n<p>&#8220;Tuttavia questo non significa l\u2019arrivo del clima invernale, dopo le giornate pi\u00f9 rigide \u00e8 atteso un nuovo miglioramento e rialzo delle temperature, con un contesto climatico mite che potrebbe perdurare anche fino ai primi giorni di novembre&#8221; concludono gli esperti.<\/p>\n","protected":false},"excerpt":{"rendered":"<p>Liguria. Come anticipato dalle previsioni meteo di questi giorno caldo e temperature ben al di sopra della media per questo fine settimana di met\u00e0 ottobre, ma il sole ed il clima estivo hanno le ore contate: &#8220;Fino a luned\u00ec il tempo si manterr\u00e0 stabile e molto mite sull&#8217;Italia grazie all&#8217;alta pressione africana &#8211; spiegano dal [&hellip;]<\/p>\n","protected":false},"author":13744,"featured_media":0,"comment_status":"open","ping_status":"closed","sticky":false,"template":"","format":"standard","meta":{"footnotes":""},"categories":[45296,56],"tags":[393,652,85850],"class_list":["post-275427","post","type-post","status-publish","format-standard","hentry","category-copertina","category-altre","tag-liguria","tag-meteo","tag-savona","post_cat_citta-andora","post_cat_citta-savona"],"amp_validity":null,"amp_enabled":true,"_links":{"self":[{"href":"https:\/\/staging.ivg.it\/ediapi\/wp\/v2\/posts\/275427","targetHints":{"allow":["GET"]}}],"collection":[{"href":"https:\/\/staging.ivg.it\/ediapi\/wp\/v2\/posts"}],"about":[{"href":"https:\/\/staging.ivg.it\/ediapi\/wp\/v2\/types\/post"}],"author":[{"embeddable":true,"href":"https:\/\/staging.ivg.it\/ediapi\/wp\/v2\/users\/13744"}],"replies":[{"embeddable":true,"href":"https:\/\/staging.ivg.it\/ediapi\/wp\/v2\/comments?post=275427"}],"version-history":[{"count":0,"href":"https:\/\/staging.ivg.it\/ediapi\/wp\/v2\/posts\/275427\/revisions"}],"wp:attachment":[{"href":"https:\/\/staging.ivg.it\/ediapi\/wp\/v2\/media?parent=275427"}],"wp:term":[{"taxonomy":"category","embeddable":true,"href":"https:\/\/staging.ivg.it\/ediapi\/wp\/v2\/categories?post=275427"},{"taxonomy":"post_tag","embeddable":true,"href":"https:\/\/staging.ivg.it\/ediapi\/wp\/v2\/tags?post=275427"}],"curies":[{"name":"wp","href":"https:\/\/api.w.org\/{rel}","templated":true}]}}