{"id":274995,"date":"2014-10-13T09:48:05","date_gmt":"2014-10-13T07:48:05","guid":{"rendered":"http:\/\/www.ivg.it\/?p=274995"},"modified":"2014-10-13T18:04:57","modified_gmt":"2014-10-13T16:04:57","slug":"processo-tomaso-bruno-attesa-per-ludienza-del-28-ottobre-visita-dellambasciatore-carcere-varanasi","status":"publish","type":"post","link":"https:\/\/staging.ivg.it\/2014\/10\/processo-tomaso-bruno-attesa-per-ludienza-del-28-ottobre-visita-dellambasciatore-carcere-varanasi\/","title":{"rendered":"Processo Tomaso Bruno, attesa per l&#8217;udienza del 28 ottobre: visita dell&#8217;ambasciatore in carcere a Varanasi"},"content":{"rendered":"<p><strong>Albenga.<\/strong> Visita dell\u2019ambasciatore Daniele Mancini a Tomaso Bruno ed Elisabetta Boncompagni in carcere a Varanasi, in India, dove i due ragazzi italiani attendono l\u2019attesa udienza del 28 ottobre presso la Corte Suprema indiana dopo due condanne all&#8217;ergastolo in primo e secondo grado per la morte del loro compagno di viaggio Francesco Montis.<\/p>\n<p>\u201cAbbiamo chiacchierato per pi\u00f9 di un&#8217;ora e non solo della vicenda giudiziaria, che si \u00e8 molto importante, ma anche di cosa sta succedendo nel mondo e in Italia al di fuori di quelle quattro mura in cui sono rinchiusi ormai da troppo tempo \u2013 dice su Facebook la madre di Tomaso, Marina Maurizio -. \u00c8 sempre molto difficile riuscire a far comprendere appieno le situazioni, i momenti, le difficolt\u00e0 che incontriamo nel mondo esterno, ma l&#8217;ambasciatore, persona di una &#8220;umanit\u00e0&#8221; fuori dal comune, \u00e8 riuscito anche ad infondere loro fiducia e speranza in futuro migliore\u201d. <\/p>\n<p>Dopo il respingimento della \u201cmention\u201d che chiedeva di anticipare l\u2019udienza al 14 ottobre, legali e ambasciata sono al lavoro in vista della decisiva discussione in aula, sperando che questa volta non ci siano ritardi e che la sentenza della Corte Suprema possa finalmente accertare l\u2019innocenza dei due ragazzi rinchiusi in carcere da oltre 4 anni.<\/p>\n","protected":false},"excerpt":{"rendered":"<p>Albenga. Visita dell\u2019ambasciatore Daniele Mancini a Tomaso Bruno ed Elisabetta Boncompagni in carcere a Varanasi, in India, dove i due ragazzi italiani attendono l\u2019attesa udienza del 28 ottobre presso la Corte Suprema indiana dopo due condanne all&#8217;ergastolo in primo e secondo grado per la morte del loro compagno di viaggio Francesco Montis. \u201cAbbiamo chiacchierato per [&hellip;]<\/p>\n","protected":false},"author":13744,"featured_media":0,"comment_status":"open","ping_status":"closed","sticky":false,"template":"","format":"standard","meta":{"footnotes":""},"categories":[45296,56,34],"tags":[85841,26423,29240,21234],"class_list":["post-274995","post","type-post","status-publish","format-standard","hentry","category-copertina","category-altre","category-cronaca","tag-albenga","tag-marina-maurizio","tag-processo-bruno","tag-tomaso-bruno","post_cat_citta-albenga","post_cat_citta-andora"],"amp_validity":null,"amp_enabled":true,"_links":{"self":[{"href":"https:\/\/staging.ivg.it\/ediapi\/wp\/v2\/posts\/274995","targetHints":{"allow":["GET"]}}],"collection":[{"href":"https:\/\/staging.ivg.it\/ediapi\/wp\/v2\/posts"}],"about":[{"href":"https:\/\/staging.ivg.it\/ediapi\/wp\/v2\/types\/post"}],"author":[{"embeddable":true,"href":"https:\/\/staging.ivg.it\/ediapi\/wp\/v2\/users\/13744"}],"replies":[{"embeddable":true,"href":"https:\/\/staging.ivg.it\/ediapi\/wp\/v2\/comments?post=274995"}],"version-history":[{"count":0,"href":"https:\/\/staging.ivg.it\/ediapi\/wp\/v2\/posts\/274995\/revisions"}],"wp:attachment":[{"href":"https:\/\/staging.ivg.it\/ediapi\/wp\/v2\/media?parent=274995"}],"wp:term":[{"taxonomy":"category","embeddable":true,"href":"https:\/\/staging.ivg.it\/ediapi\/wp\/v2\/categories?post=274995"},{"taxonomy":"post_tag","embeddable":true,"href":"https:\/\/staging.ivg.it\/ediapi\/wp\/v2\/tags?post=274995"}],"curies":[{"name":"wp","href":"https:\/\/api.w.org\/{rel}","templated":true}]}}