{"id":27489,"date":"2008-06-14T11:37:17","date_gmt":"2008-06-14T09:37:17","guid":{"rendered":"http:\/\/www.ivg.it\/2008\/06\/14\/loano-raccolta-differenziata-e-risparmio-idrico-sulle-spiagge\/"},"modified":"2008-06-15T15:53:28","modified_gmt":"2008-06-15T13:53:28","slug":"loano-raccolta-differenziata-e-risparmio-idrico-sulle-spiagge","status":"publish","type":"post","link":"https:\/\/staging.ivg.it\/2008\/06\/loano-raccolta-differenziata-e-risparmio-idrico-sulle-spiagge\/","title":{"rendered":"Loano, raccolta differenziata e risparmio idrico sulle spiagge"},"content":{"rendered":"<p><strong>[thumb:7894:l]Loano<\/strong>. Domani, domenica 15 giugno, a Loano, parte la campagna di sensibilizzazione ambientale estiva, promossa dall&#8217;Assessorato all&#8217;Ambiente del Comune di Loano. &#8220;L&#8217;Amministrazione Comunale di Loano &#8211; dice l&#8217;assessore, Luigi Pignocca &#8211; intende ampliare le azioni di promozione sulle tematiche legate alla raccolta differenziata ed alla difesa dell&#8217;ambiente, attivando per l&#8217;estate 2008 il progetto &#8216;Io amo l&#8217;ambiente tutto l&#8217;anno!&#8217; che prevede, accanto al collaudato Concorso Turista Ri-ciclista, l&#8217;iniziativa &#8216;Acqua Amica, risparmiare acqua \u00e8&#8230;.&#8217; e &#8216;Ricicla al mare, qui si pu\u00f2!'&#8221;.<\/p>\n<p>Il Concorso Turista Ri-ciclista, giunto alla quarta edizione, premia i turisti che si impegneranno nella raccolta differenziata. Il concorso, che avr\u00e0 inizio dal 7 luglio e terminer\u00e0 il 30 agosto, prevede l&#8217;estrazione settimanale del Turista Ri-Ciclista, al quale sar\u00e0 regalata una ricicletta, bicicletta realizzata interamente in alluminio riciclato. Ogni turista che intende partecipare al concorso dovr\u00e0 conferire un quantitativo minimo di 3 Kg di raccolta differenziata al punto Eco di Via Ugo Foscolo. La premiazione si svolger\u00e0 Domenica 7 settembre 2008, alle ore 17.30, nello Spazio Culturale Orto Maccagli sul lungomare di Loano.<\/p>\n<p>&#8220;Il Concorso &#8211; afferma l&#8217;assessore Pignocca &#8211; nasce dall&#8217;esigenza di sensibilizzare anche i nostri ospiti su un tema importante, quale quello della raccolta differenziata. Ogni estate la popolazione aumenta in maniera considerevole, e quindi anche i rifiuti. Con la collaborazione dei turisti possiamo sperare di ampliare la differenziazione dei rifiuti contribuendo a salvaguardare l&#8217;ambiente. Inoltre, da quest&#8217;anno parte la campagna &#8216;Ricicla al mare, qui si pu\u00f2!&#8217;. Per la stagione in corso, sar\u00e0 possibile riciclare &#8220;sotto l&#8217;ombrellone&#8221;. Dal 15 giugno al 15 settembre, infatti, presso tutti gli stabilimenti balneari si potr\u00e0 fare la raccolta differenziata di plastica, alluminio+vetro e carta+tetrapack&#8221;.<\/p>\n<p>Ad ogni stabilimento balneare sono stati consegnati sacchi colorati per plastica (bianco) e carta+tetrapack (trasparente) ed un bidone per alluminio+vetro (blu). I materiali raccolti nei sacchi saranno ritirati ogni mattina alle ore 8,00. Sulle spiagge i turisti troveranno una locandina che li inviter\u00e0 a differenziare.<\/p>\n<p>&#8220;Infine &#8211; conclude l&#8217;assessore &#8211; la nuova campagna &#8216;Acqua Amica, risparmiare acqua \u00e8&#8230;.&#8217; nasce dall&#8217;idea che le piccole azioni quotidiane possono, sommandosi, rivelarsi efficaci per risparmiare questo prezioso bene. Verranno pertanto distribuiti gratuitamente a tutti gli stabilimenti balneari dieci riduttori di pressione per il risparmio idrico da 3\/4 di pollice, adatti sopratutto per le docce, e una locandina per invitare gli ospiti a non sprecare l&#8217;acqua&#8221;.<\/p>\n","protected":false},"excerpt":{"rendered":"<p>[thumb:7894:l]Loano. Domani, domenica 15 giugno, a Loano, parte la campagna di sensibilizzazione ambientale estiva, promossa dall&#8217;Assessorato all&#8217;Ambiente del Comune di Loano. &#8220;L&#8217;Amministrazione Comunale di Loano &#8211; dice l&#8217;assessore, Luigi Pignocca &#8211; intende ampliare le azioni di promozione sulle tematiche legate alla raccolta differenziata ed alla difesa dell&#8217;ambiente, attivando per l&#8217;estate 2008 il progetto &#8216;Io amo [&hellip;]<\/p>\n","protected":false},"author":5,"featured_media":0,"comment_status":"open","ping_status":"closed","sticky":false,"template":"","format":"standard","meta":{"footnotes":""},"categories":[],"tags":[],"class_list":["post-27489","post","type-post","status-publish","format-standard","hentry","post_cat_citta-loano"],"amp_validity":null,"amp_enabled":true,"_links":{"self":[{"href":"https:\/\/staging.ivg.it\/ediapi\/wp\/v2\/posts\/27489","targetHints":{"allow":["GET"]}}],"collection":[{"href":"https:\/\/staging.ivg.it\/ediapi\/wp\/v2\/posts"}],"about":[{"href":"https:\/\/staging.ivg.it\/ediapi\/wp\/v2\/types\/post"}],"author":[{"embeddable":true,"href":"https:\/\/staging.ivg.it\/ediapi\/wp\/v2\/users\/5"}],"replies":[{"embeddable":true,"href":"https:\/\/staging.ivg.it\/ediapi\/wp\/v2\/comments?post=27489"}],"version-history":[{"count":0,"href":"https:\/\/staging.ivg.it\/ediapi\/wp\/v2\/posts\/27489\/revisions"}],"wp:attachment":[{"href":"https:\/\/staging.ivg.it\/ediapi\/wp\/v2\/media?parent=27489"}],"wp:term":[{"taxonomy":"category","embeddable":true,"href":"https:\/\/staging.ivg.it\/ediapi\/wp\/v2\/categories?post=27489"},{"taxonomy":"post_tag","embeddable":true,"href":"https:\/\/staging.ivg.it\/ediapi\/wp\/v2\/tags?post=27489"}],"curies":[{"name":"wp","href":"https:\/\/api.w.org\/{rel}","templated":true}]}}