{"id":274425,"date":"2014-10-17T18:31:24","date_gmt":"2014-10-17T16:31:24","guid":{"rendered":"http:\/\/www.ivg.it\/?p=274425"},"modified":"2014-10-18T16:15:34","modified_gmt":"2014-10-18T14:15:34","slug":"difesa-del-lavoro-veirana-anche-noi-saremo-roma-non-si-danno-diritti-ai-precari-togliendo-stabilita-chi-ce-lha","status":"publish","type":"post","link":"https:\/\/staging.ivg.it\/2014\/10\/difesa-del-lavoro-veirana-anche-noi-saremo-roma-non-si-danno-diritti-ai-precari-togliendo-stabilita-chi-ce-lha\/","title":{"rendered":"Difesa del lavoro, Veirana (Cgil): &#8220;Anche noi saremo a Roma, non si danno diritti ai precari togliendo stabilit\u00e0 a chi ce l&#8217;ha&#8221;"},"content":{"rendered":"<p><strong>Savona<\/strong>. Ci sar\u00e0 anche la Cgil di Savona il prossimo 25 ottobre alla grande manifestazione organizzata in difesa del lavoro a Roma. A confermarlo \u00e8 il segretario generale della Camera del Lavoro di Savona Fulvia Veirano che spiega: &#8220;Anche noi ci mobilitiamo per difendere il lavoro e per metterlo davvero al centro dell&#8217;agenda politica&#8221;.<\/p>\n<p>&#8220;Il tema dell&#8217;articolo 18 \u00e8 uno dei temi centrali della discussione, ma in realt\u00e0 quello che sta dietro la sua difesa \u00e8 davvero mettere tutti i lavoratori sulla stessa linea: creare ammortizzatori universali, ridurre la giungla di precariato che c&#8217;\u00e8 nel nostro paese e riconsegnare a tutti la possibilit\u00e0 una stabilit\u00e0 e dei diritti del lavoro anche nuovi&#8221; puntualizza Veirana.<\/p>\n<p>Infine non manca una stoccata all&#8217;indirizzo del Governo e delle proposte che il premier Renzi e la sua squadra vorrebbero attuare: &#8220;I diritti del lavoro per i precari, secondo noi, non si conquistano abolendo i diritti di chi un lavoro stabile ce l&#8217;ha. Se ridurre la precariet\u00e0 vuol dire discutere di un contratto nuovo noi siamo disponibili, ma il punto \u00e8 che non bisogna mascherare la discussione sul lavoro con totem o fantasmi&#8221;.<\/p>\n<p>&#8220;Da Savona partiremo in tanti per la manifestazione del 25 proprio perch\u00e9, in una fase in cui il lavoro non c&#8217;\u00e8, bisogna ricordare che prima di tutto bisogna partire dagli investimenti e nell&#8217;ambito del mercato del lavoro, ridare certezze a chi non ce l&#8217;ha&#8221; aggiunge Fulvia Veirana.<\/p>\n<p>In vista della manifestazione di Roma la Cgil di Savona organizza una serie di presidi e di assemblee pubbliche sul territorio della provincia. A partire dalle ore 16:00, la Cgil sar\u00e0 in piazza luned\u00ec 20 ottobre a Cairo M. in Piazza Stallani, marted\u00ec 21 ottobre ad Albenga in Piazza del Popolo e gioved\u00ec 24 ottobre, a Savona in Piazza del Popolo<\/p>\n<p>&#8220;Parallelamente alla massiccia campagna di assemblee organizzate nei posti di lavoro intendiamo portare all&#8217;attenzione dei cittadini le proposte della Cgil per difendere il lavoro e lo Statuto dei Lavoratori, rendere universali tutele indispensabili quali gli ammortizzatori sociali, combattere realmente e non solo a parole la precariet\u00e0 eliminando tutte le forme di lavoro che la generano, incrementare stabilmente i redditi attraverso il rinnovo dei contratti collettivi&#8221; conclude il segretario provinciale della Cgil savonese.<\/p>\n<p>Dalle principali localit\u00e0 della provincia nella serata di venerd\u00ec 24 ottobre partiranno diversi pullman diretti a Roma.<\/p>\n","protected":false},"excerpt":{"rendered":"<p>Savona. Ci sar\u00e0 anche la Cgil di Savona il prossimo 25 ottobre alla grande manifestazione organizzata in difesa del lavoro a Roma. A confermarlo \u00e8 il segretario generale della Camera del Lavoro di Savona Fulvia Veirano che spiega: &#8220;Anche noi ci mobilitiamo per difendere il lavoro e per metterlo davvero al centro dell&#8217;agenda politica&#8221;. &#8220;Il [&hellip;]<\/p>\n","protected":false},"author":2394,"featured_media":0,"comment_status":"open","ping_status":"closed","sticky":false,"template":"","format":"standard","meta":{"footnotes":""},"categories":[45296],"tags":[39065,507,5314,85850],"class_list":["post-274425","post","type-post","status-publish","format-standard","hentry","category-copertina","tag-articolo-18","tag-cgil","tag-fulvia-veirana","tag-savona","post_cat_citta-andora","post_cat_citta-savona"],"amp_validity":null,"amp_enabled":true,"_links":{"self":[{"href":"https:\/\/staging.ivg.it\/ediapi\/wp\/v2\/posts\/274425","targetHints":{"allow":["GET"]}}],"collection":[{"href":"https:\/\/staging.ivg.it\/ediapi\/wp\/v2\/posts"}],"about":[{"href":"https:\/\/staging.ivg.it\/ediapi\/wp\/v2\/types\/post"}],"author":[{"embeddable":true,"href":"https:\/\/staging.ivg.it\/ediapi\/wp\/v2\/users\/2394"}],"replies":[{"embeddable":true,"href":"https:\/\/staging.ivg.it\/ediapi\/wp\/v2\/comments?post=274425"}],"version-history":[{"count":0,"href":"https:\/\/staging.ivg.it\/ediapi\/wp\/v2\/posts\/274425\/revisions"}],"wp:attachment":[{"href":"https:\/\/staging.ivg.it\/ediapi\/wp\/v2\/media?parent=274425"}],"wp:term":[{"taxonomy":"category","embeddable":true,"href":"https:\/\/staging.ivg.it\/ediapi\/wp\/v2\/categories?post=274425"},{"taxonomy":"post_tag","embeddable":true,"href":"https:\/\/staging.ivg.it\/ediapi\/wp\/v2\/tags?post=274425"}],"curies":[{"name":"wp","href":"https:\/\/api.w.org\/{rel}","templated":true}]}}