{"id":273995,"date":"2014-09-30T10:09:53","date_gmt":"2014-09-30T08:09:53","guid":{"rendered":"http:\/\/www.ivg.it\/?p=273995"},"modified":"2014-09-30T10:09:53","modified_gmt":"2014-09-30T08:09:53","slug":"albissola-incontro-coi-cittadini-per-illustrare-lavori-di-viale-faraggiana","status":"publish","type":"post","link":"https:\/\/staging.ivg.it\/2014\/09\/albissola-incontro-coi-cittadini-per-illustrare-lavori-di-viale-faraggiana\/","title":{"rendered":"Albissola, incontro coi cittadini per illustrare i lavori di viale Faraggiana"},"content":{"rendered":"<p><strong>Albissola Marina.<\/strong> Un incontro per illustrare i lavori di riqualificazione di viale Faraggiana: \u00e8 quello che si terr\u00e0 venerd\u00ec 3 ottobre, alle ore 18.30, presso i locali della Societ\u00e0 Operaia Cattolica &#8220;Santa Cecilia&#8221; in via Stefano Grosso, alla presenza dell&#8217;assessore ai Lavori Pubblici Luigi Silvestro e l\u2019assessore all\u2019Ambiente Luisa Siccardi.<\/p>\n<p>Un incontro con la cittadinanza che verter\u00e0 soprattutto sulla sostituzione degli alberi. Inizieranno a breve, infatti, i lavori sul primo tratto del viale, dall\u2019incrocio con la statale Aurelia sino via Don Ricchebuono da un lato e via Forzano dall\u2019altro.<\/p>\n<p>L\u2019intervento riguarder\u00e0 il rifacimento dei marciapiedi e del manto stradale, nonch\u00e9 la sostituzione degli alberi malati con nuovi esemplari.<\/p>\n","protected":false},"excerpt":{"rendered":"<p>Albissola Marina. Un incontro per illustrare i lavori di riqualificazione di viale Faraggiana: \u00e8 quello che si terr\u00e0 venerd\u00ec 3 ottobre, alle ore 18.30, presso i locali della Societ\u00e0 Operaia Cattolica &#8220;Santa Cecilia&#8221; in via Stefano Grosso, alla presenza dell&#8217;assessore ai Lavori Pubblici Luigi Silvestro e l\u2019assessore all\u2019Ambiente Luisa Siccardi. Un incontro con la cittadinanza [&hellip;]<\/p>\n","protected":false},"author":13744,"featured_media":0,"comment_status":"open","ping_status":"closed","sticky":false,"template":"","format":"standard","meta":{"footnotes":""},"categories":[],"tags":[86007,8317,54624,13441],"class_list":["post-273995","post","type-post","status-publish","format-standard","hentry","tag-albissola-marina","tag-luigi-silvestro","tag-luisa-siccardi","tag-viale-faraggiana","post_cat_citta-albissola-marina"],"amp_validity":null,"amp_enabled":true,"_links":{"self":[{"href":"https:\/\/staging.ivg.it\/ediapi\/wp\/v2\/posts\/273995","targetHints":{"allow":["GET"]}}],"collection":[{"href":"https:\/\/staging.ivg.it\/ediapi\/wp\/v2\/posts"}],"about":[{"href":"https:\/\/staging.ivg.it\/ediapi\/wp\/v2\/types\/post"}],"author":[{"embeddable":true,"href":"https:\/\/staging.ivg.it\/ediapi\/wp\/v2\/users\/13744"}],"replies":[{"embeddable":true,"href":"https:\/\/staging.ivg.it\/ediapi\/wp\/v2\/comments?post=273995"}],"version-history":[{"count":0,"href":"https:\/\/staging.ivg.it\/ediapi\/wp\/v2\/posts\/273995\/revisions"}],"wp:attachment":[{"href":"https:\/\/staging.ivg.it\/ediapi\/wp\/v2\/media?parent=273995"}],"wp:term":[{"taxonomy":"category","embeddable":true,"href":"https:\/\/staging.ivg.it\/ediapi\/wp\/v2\/categories?post=273995"},{"taxonomy":"post_tag","embeddable":true,"href":"https:\/\/staging.ivg.it\/ediapi\/wp\/v2\/tags?post=273995"}],"curies":[{"name":"wp","href":"https:\/\/api.w.org\/{rel}","templated":true}]}}