{"id":273969,"date":"2014-09-29T16:49:07","date_gmt":"2014-09-29T14:49:07","guid":{"rendered":"http:\/\/www.ivg.it\/?p=273969"},"modified":"2014-09-29T19:40:35","modified_gmt":"2014-09-29T17:40:35","slug":"incontro-in-regione-su-esodati-e-amianto-giacobbe-pd-trovare-le-risorse-nella-legge-di-stabilita","status":"publish","type":"post","link":"https:\/\/staging.ivg.it\/2014\/09\/incontro-in-regione-su-esodati-e-amianto-giacobbe-pd-trovare-le-risorse-nella-legge-di-stabilita\/","title":{"rendered":"Incontro in Regione su esodati e amianto. Giacobbe (Pd): &#8220;Trovare le risorse nella Legge di Stabilit\u00e0&#8221;"},"content":{"rendered":"<p><strong>Regione.<\/strong> &#8220;Le questioni degli esodati e i lavoratori esposti all&#8217;amianto sono drammatiche, la soluzione non pi\u00f9 essere ancora rinviata e la Legge di Stabilit\u00e0 \u00e8 l&#8217;occasione giusta per individuare le risorse che servono in un caso e nell&#8217;altro&#8221;. Lo ha affermato la deputata vadese Anna Giacobbe (Partito Democratico) al termine dell&#8217;incontro in Regione sui due temi.<\/p>\n<p>&#8220;Per gli esodati \u00e8 essenziale che il Senato approvi definitivamente la &#8216;sesta salvaguardia&#8217; &#8211; sostiene Giacobbe &#8211; Subito dopo va trovata una soluzione definitiva per chi ancora \u00e8 &#8216;rimasto fuori&#8217; da quei provvedimenti. Sar\u00e0 pi\u00f9 facile se sar\u00e0 certo il numero degli interessati, evitando la sovrastima dei dati che fa pensare alla necessit\u00e0 di una copertura finanziaria elevata&#8221;.<\/p>\n<p>&#8220;Abbiamo proposto di chiedere alla sede regionale dell&#8217;Inps di promuovere, con la collaborazione dei patronati, un censimento attendibile delle situazioni ancora irrisolte &#8211; annuncia Giacobbe &#8211; \u00c8 un modo anche per non lasciare abbandonate a se stesse centinaia di persone nella nostra regione, che temono che si spengano i riflettori sulla loro sorte&#8221;.<\/p>\n<p>Per quanto riguarda invece gli esposti all&#8217;amianto &#8220;negli anni scorsi si sono approvati provvedimenti che hanno evitato che i pensionati e coloro che erano rimasti senza lavoro rimanessero senza alcuna copertura &#8211; spiega la deputata &#8211; Ora \u00e8 necessario che le vicenda sia definitivamente chiusa: ci sono stati incontri tecnici con Inps e Inail che devono trovare un esito chiaro&#8221;.<\/p>\n","protected":false},"excerpt":{"rendered":"<p>Regione. &#8220;Le questioni degli esodati e i lavoratori esposti all&#8217;amianto sono drammatiche, la soluzione non pi\u00f9 essere ancora rinviata e la Legge di Stabilit\u00e0 \u00e8 l&#8217;occasione giusta per individuare le risorse che servono in un caso e nell&#8217;altro&#8221;. Lo ha affermato la deputata vadese Anna Giacobbe (Partito Democratico) al termine dell&#8217;incontro in Regione sui due [&hellip;]<\/p>\n","protected":false},"author":13744,"featured_media":0,"comment_status":"open","ping_status":"closed","sticky":false,"template":"","format":"standard","meta":{"footnotes":""},"categories":[31],"tags":[3476,1334,41041,919,2970,49884,10336,596,58170,223],"class_list":["post-273969","post","type-post","status-publish","format-standard","hentry","category-politica","tag-amianto","tag-anna-giacobbe","tag-esodati","tag-inail","tag-inps","tag-legge-di-stabilita","tag-parlamentari","tag-partito-democratico","tag-patronati","tag-regione-liguria","post_cat_citta-andora"],"amp_validity":null,"amp_enabled":true,"_links":{"self":[{"href":"https:\/\/staging.ivg.it\/ediapi\/wp\/v2\/posts\/273969","targetHints":{"allow":["GET"]}}],"collection":[{"href":"https:\/\/staging.ivg.it\/ediapi\/wp\/v2\/posts"}],"about":[{"href":"https:\/\/staging.ivg.it\/ediapi\/wp\/v2\/types\/post"}],"author":[{"embeddable":true,"href":"https:\/\/staging.ivg.it\/ediapi\/wp\/v2\/users\/13744"}],"replies":[{"embeddable":true,"href":"https:\/\/staging.ivg.it\/ediapi\/wp\/v2\/comments?post=273969"}],"version-history":[{"count":0,"href":"https:\/\/staging.ivg.it\/ediapi\/wp\/v2\/posts\/273969\/revisions"}],"wp:attachment":[{"href":"https:\/\/staging.ivg.it\/ediapi\/wp\/v2\/media?parent=273969"}],"wp:term":[{"taxonomy":"category","embeddable":true,"href":"https:\/\/staging.ivg.it\/ediapi\/wp\/v2\/categories?post=273969"},{"taxonomy":"post_tag","embeddable":true,"href":"https:\/\/staging.ivg.it\/ediapi\/wp\/v2\/tags?post=273969"}],"curies":[{"name":"wp","href":"https:\/\/api.w.org\/{rel}","templated":true}]}}