{"id":273684,"date":"2014-09-25T11:52:54","date_gmt":"2014-09-25T09:52:54","guid":{"rendered":"http:\/\/www.ivg.it\/?p=273684"},"modified":"2014-09-25T17:26:15","modified_gmt":"2014-09-25T15:26:15","slug":"albenga-sabato-il-premio-albingaunum-mauro-corona-e-lingauno-dellanno-mario-moscardini","status":"publish","type":"post","link":"https:\/\/staging.ivg.it\/2014\/09\/albenga-sabato-il-premio-albingaunum-mauro-corona-e-lingauno-dellanno-mario-moscardini\/","title":{"rendered":"Albenga, sabato il Premio Albingaunum a Mauro Corona e l&#8217;Ingauno dell&#8217;Anno a Mario Moscardini"},"content":{"rendered":"<p><strong>Albenga.<\/strong> Sabato 27 settembre alle ore 21 al Teatro Ambra, alla presenza del sindaco Giorgio Cangiano e delle maggiori autorit\u00e0, sar\u00e0 consegnato il Premio &#8220;Albingaunum Nino Lamboglia 2014&#8221; a Mauro Corona e il premio Ingauno dell&#8217;Anno al professor Mario Moscardini.<\/p>\n<p>&#8220;Quest&#8217;anno il Premio Albingaunum \u00e8 stato un vero e proprio plebiscito per Mauro Corona &#8211; spiega il professor Gianni Ballabio &#8211; segno che questo scrittore, alpinista, scultore \u00e8 molto amato dalla gente, forse perch\u00e8 riesce, con assoluta semplicit\u00e0 a renderci partecipi del mistero della natura che oggi non si riesce pi\u00f9 n\u00e9 a vedere n\u00e9 a ascoltare. I lettori lo hanno capito e la loro scelta significa che c&#8217;\u00e8 un gran bisogno di sincerit\u00e0 e di saggezza, raccontate con il cuore, semplicemente&#8221;.<\/p>\n<p>L&#8217;ingauno dell&#8217;anno invece, per scelta unanime da parte della giuria tecnica, \u00e8 il professor Mario Moscardini, storico appassionato e figura molto cara ad Albenga. &#8220;I suoi tre volumi sulla storia di Albenga dall&#8217;et\u00e0 Napoleonica agli anni &#8217;70 del secolo scorso sono una lettura appassionante e di notevole spessore&#8221;, spiegano.<\/p>\n<p>Il professor Pier Franco Quaglieni, presidente della giuria del premio intitolato quest\u2019anno a Nino Lamboglia, maestro dell\u2019archeologia sottomarina e creatore dell\u2019Istituto Internazionale di Studi Liguri, dichiara che &#8220;intitolare il premio che riprende il nome originario di Albenga \u00e8 quasi un atto dovuto. Per chi come noi ritiene che Albenga sia storicamente citt\u00e0 romana e medievale ricordare Lamboglia significa riandare alla storia migliore della citt\u00e0 e della sua arte e della sua cultura&#8221;.<\/p>\n<p>Alessandra Segre Zunino, vicepresidente della giuria, spiega che &#8220;il Premio letterario Albingaunum rappresenta un momento importante nella nostra citt\u00e0, invitando alla lettura ed aiutandone la crescita culturale  individuale e collettiva. Siamo consapevoli che la modernit\u00e0 e l&#8217;innovazione debbano affondare le radici nella storia, nella conoscenza delle vicende, per la crescita e lo sviluppo della societ\u00e0 di oggi&#8221;.<\/p>\n","protected":false},"excerpt":{"rendered":"<p>Albenga. Sabato 27 settembre alle ore 21 al Teatro Ambra, alla presenza del sindaco Giorgio Cangiano e delle maggiori autorit\u00e0, sar\u00e0 consegnato il Premio &#8220;Albingaunum Nino Lamboglia 2014&#8221; a Mauro Corona e il premio Ingauno dell&#8217;Anno al professor Mario Moscardini. &#8220;Quest&#8217;anno il Premio Albingaunum \u00e8 stato un vero e proprio plebiscito per Mauro Corona &#8211; [&hellip;]<\/p>\n","protected":false},"author":13744,"featured_media":0,"comment_status":"open","ping_status":"closed","sticky":false,"template":"","format":"standard","meta":{"footnotes":""},"categories":[],"tags":[85841,14958,26071,29141],"class_list":["post-273684","post","type-post","status-publish","format-standard","hentry","tag-albenga","tag-calbingaunumd","tag-gianni-ballabio","tag-mario-moscardini","post_cat_citta-albenga"],"amp_validity":null,"amp_enabled":true,"_links":{"self":[{"href":"https:\/\/staging.ivg.it\/ediapi\/wp\/v2\/posts\/273684","targetHints":{"allow":["GET"]}}],"collection":[{"href":"https:\/\/staging.ivg.it\/ediapi\/wp\/v2\/posts"}],"about":[{"href":"https:\/\/staging.ivg.it\/ediapi\/wp\/v2\/types\/post"}],"author":[{"embeddable":true,"href":"https:\/\/staging.ivg.it\/ediapi\/wp\/v2\/users\/13744"}],"replies":[{"embeddable":true,"href":"https:\/\/staging.ivg.it\/ediapi\/wp\/v2\/comments?post=273684"}],"version-history":[{"count":0,"href":"https:\/\/staging.ivg.it\/ediapi\/wp\/v2\/posts\/273684\/revisions"}],"wp:attachment":[{"href":"https:\/\/staging.ivg.it\/ediapi\/wp\/v2\/media?parent=273684"}],"wp:term":[{"taxonomy":"category","embeddable":true,"href":"https:\/\/staging.ivg.it\/ediapi\/wp\/v2\/categories?post=273684"},{"taxonomy":"post_tag","embeddable":true,"href":"https:\/\/staging.ivg.it\/ediapi\/wp\/v2\/tags?post=273684"}],"curies":[{"name":"wp","href":"https:\/\/api.w.org\/{rel}","templated":true}]}}