{"id":273633,"date":"2014-09-24T17:22:00","date_gmt":"2014-09-24T15:22:00","guid":{"rendered":"http:\/\/www.ivg.it\/?p=273633"},"modified":"2014-09-24T17:31:22","modified_gmt":"2014-09-24T15:31:22","slug":"agroalimentare-ligure-flai-cgil-investire-su-qualita-e-buona-occupazione","status":"publish","type":"post","link":"https:\/\/staging.ivg.it\/2014\/09\/agroalimentare-ligure-flai-cgil-investire-su-qualita-e-buona-occupazione\/","title":{"rendered":"Agroalimentare ligure, Flai Cgil: &#8220;Investire su qualit\u00e0 e buona occupazione&#8221;"},"content":{"rendered":"<p><strong>Liguria.<\/strong> &#8220;La Regione insieme alle Camere di Commercio e Liguria International sta lavorando ad un progetto che prevede di concentrare le iniziative liguri nel settore agroalimentare negli spazi del Padiglione Italia di Expo 2015&#8221;. Lo ha annunciato Laura Tosetti, della Flai Cgil, in occasione di un convegno sul tema.<\/p>\n<p>&#8220;Si tratta di una grande opportunit\u00e0 &#8211; prosegue Tosetti &#8211; Qualit\u00e0 significa competitivit\u00e0 sui mercati attraverso aumento della produzione e della buona occupazione&#8221;.<\/p>\n<p>Nel 2013 in Liguria il 46% delle ditte erano individuali, il 49% societ\u00e0 di persone e il 5% societ\u00e0 di capitale. Tra le tipologie aziendali artigiane alimentari maggiormente rappresentate si trovano quelle operanti nei settori della produzione di prodotti da forno e farinacei, nel 2013 erano 1225 in Liguria di cui 276 a Savona.  <\/p>\n<p>A parte alcuni prodotti da orto tipici la Liguria si caratterizza, pur nella modestia del numero di bottiglie (4 milioni e mezzo), anche per la produzione di qualit\u00e0 vinicola. Gli ettari destinati alla coltivazione della vite sono 1548 di cui 848 vitati DOC e DOCG. Dolenti noti arrivano dall&#8217;occupazione: le ore autorizzate di cassa integrazione sono passate dalle 13mila 424 del 2005 alle 285mila 769 del 2013.<\/p>\n<p>&#8220;Nonostante il settore sia composto da piccole e piccolissime aziende la Liguria vanta prodotti di alta qualit\u00e0 con vere e proprie eccellenze, come nel caso dei prodotti agroalimentari di qualit\u00e0 per i quali abbiamo riconoscimenti&#8221;, spiega Tosetti.<\/p>\n<p>In questo contesto si collocano le proposte della Cgil agli amministratori locali e ai rappresentanti delle imprese. Per Tosetti &#8220;sono necessari patti di filiera per creare maggiore collegamento tra produzione, trasformazione e commercializzazione senza per\u00f2 rinunciare alle specificit\u00e0 di produzione, cultura e gusto.<\/p>\n<p>&#8220;Le aziende &#8211; dichiara Tosetti &#8211; affrontano la crisi contenendo i costi dell&#8217;occupazione, non rendendosi conto che, passato questo momento, solo le aziende che hanno innovato saranno in grado di competere, le altre rischieranno la marginalizzazione&#8221;. Per Flai Cgil le imprese devono investire non solo sull&#8217;ottimizzazione degli impianti e l&#8217;innovazione del prodotto ma sull&#8217;occupazione: &#8220;Politiche contrattuali significano lavoro legale, sicuro e dignitoso, qualit\u00e0 e quindi sviluppo e competitivit\u00e0&#8221;, conclude la sindacalista.<\/p>\n","protected":false},"excerpt":{"rendered":"<p>Liguria. &#8220;La Regione insieme alle Camere di Commercio e Liguria International sta lavorando ad un progetto che prevede di concentrare le iniziative liguri nel settore agroalimentare negli spazi del Padiglione Italia di Expo 2015&#8221;. Lo ha annunciato Laura Tosetti, della Flai Cgil, in occasione di un convegno sul tema. &#8220;Si tratta di una grande opportunit\u00e0 [&hellip;]<\/p>\n","protected":false},"author":13744,"featured_media":0,"comment_status":"open","ping_status":"closed","sticky":false,"template":"","format":"standard","meta":{"footnotes":""},"categories":[35],"tags":[2319,603,393,1013,85850,371],"class_list":["post-273633","post","type-post","status-publish","format-standard","hentry","category-economia","tag-agroalimentare","tag-expo-2015","tag-liguria","tag-occupazione","tag-savona","tag-vino","post_cat_citta-andora"],"amp_validity":null,"amp_enabled":true,"_links":{"self":[{"href":"https:\/\/staging.ivg.it\/ediapi\/wp\/v2\/posts\/273633","targetHints":{"allow":["GET"]}}],"collection":[{"href":"https:\/\/staging.ivg.it\/ediapi\/wp\/v2\/posts"}],"about":[{"href":"https:\/\/staging.ivg.it\/ediapi\/wp\/v2\/types\/post"}],"author":[{"embeddable":true,"href":"https:\/\/staging.ivg.it\/ediapi\/wp\/v2\/users\/13744"}],"replies":[{"embeddable":true,"href":"https:\/\/staging.ivg.it\/ediapi\/wp\/v2\/comments?post=273633"}],"version-history":[{"count":0,"href":"https:\/\/staging.ivg.it\/ediapi\/wp\/v2\/posts\/273633\/revisions"}],"wp:attachment":[{"href":"https:\/\/staging.ivg.it\/ediapi\/wp\/v2\/media?parent=273633"}],"wp:term":[{"taxonomy":"category","embeddable":true,"href":"https:\/\/staging.ivg.it\/ediapi\/wp\/v2\/categories?post=273633"},{"taxonomy":"post_tag","embeddable":true,"href":"https:\/\/staging.ivg.it\/ediapi\/wp\/v2\/tags?post=273633"}],"curies":[{"name":"wp","href":"https:\/\/api.w.org\/{rel}","templated":true}]}}