{"id":273616,"date":"2014-09-24T14:39:37","date_gmt":"2014-09-24T12:39:37","guid":{"rendered":"http:\/\/www.ivg.it\/?p=273616"},"modified":"2014-09-24T14:39:48","modified_gmt":"2014-09-24T12:39:48","slug":"albenga-il-25-settembre-festa-di-san-matteo-patrono-della-guardia-di-finanza","status":"publish","type":"post","link":"https:\/\/staging.ivg.it\/2014\/09\/albenga-il-25-settembre-festa-di-san-matteo-patrono-della-guardia-di-finanza\/","title":{"rendered":"Albenga, il 25 settembre festa di san Matteo patrono della Guardia di Finanza"},"content":{"rendered":"<p><strong>Albenga.<\/strong> Giovedi 25 settembre alle ore 11 presso la Cattedrale di san Michele si terr\u00e0 la celebrazione della festivit\u00e0 di san Matteo, patrono della Guardia di Finanza, alla quale sar\u00e0 presente il comandante della Compagnia di Albenga Cristiano Cocola, le autorit\u00e0 civili e militari e i rappresentanti della societ\u00e0 civile.<\/p>\n<p>La cerimonia sar\u00e0 ufficiata dal vicario generale della Diocesi di Albenga &#8211; Imperia monsignor Giorgio Brancaleoni e da monsigor Gianni De Negri, cappellano regionale dell&#8217;Arma.<\/p>\n<p>La celebrazione ha anche l&#8217;obiettivo di favorire l&#8217;integrazione tra la Guardia di Finanza e le diverse componenti della societ\u00e0 civile e imprenditoriale.<\/p>\n","protected":false},"excerpt":{"rendered":"<p>Albenga. Giovedi 25 settembre alle ore 11 presso la Cattedrale di san Michele si terr\u00e0 la celebrazione della festivit\u00e0 di san Matteo, patrono della Guardia di Finanza, alla quale sar\u00e0 presente il comandante della Compagnia di Albenga Cristiano Cocola, le autorit\u00e0 civili e militari e i rappresentanti della societ\u00e0 civile. La cerimonia sar\u00e0 ufficiata dal [&hellip;]<\/p>\n","protected":false},"author":13744,"featured_media":0,"comment_status":"open","ping_status":"closed","sticky":false,"template":"","format":"standard","meta":{"footnotes":""},"categories":[],"tags":[85841,25263,19705,749,12457],"class_list":["post-273616","post","type-post","status-publish","format-standard","hentry","tag-albenga","tag-cattedrale-san-michele","tag-diocesi-albenga-imperia","tag-guardia-di-finanza","tag-san-matteo","post_cat_citta-albenga"],"amp_validity":null,"amp_enabled":true,"_links":{"self":[{"href":"https:\/\/staging.ivg.it\/ediapi\/wp\/v2\/posts\/273616","targetHints":{"allow":["GET"]}}],"collection":[{"href":"https:\/\/staging.ivg.it\/ediapi\/wp\/v2\/posts"}],"about":[{"href":"https:\/\/staging.ivg.it\/ediapi\/wp\/v2\/types\/post"}],"author":[{"embeddable":true,"href":"https:\/\/staging.ivg.it\/ediapi\/wp\/v2\/users\/13744"}],"replies":[{"embeddable":true,"href":"https:\/\/staging.ivg.it\/ediapi\/wp\/v2\/comments?post=273616"}],"version-history":[{"count":0,"href":"https:\/\/staging.ivg.it\/ediapi\/wp\/v2\/posts\/273616\/revisions"}],"wp:attachment":[{"href":"https:\/\/staging.ivg.it\/ediapi\/wp\/v2\/media?parent=273616"}],"wp:term":[{"taxonomy":"category","embeddable":true,"href":"https:\/\/staging.ivg.it\/ediapi\/wp\/v2\/categories?post=273616"},{"taxonomy":"post_tag","embeddable":true,"href":"https:\/\/staging.ivg.it\/ediapi\/wp\/v2\/tags?post=273616"}],"curies":[{"name":"wp","href":"https:\/\/api.w.org\/{rel}","templated":true}]}}