{"id":272677,"date":"2014-09-11T15:52:46","date_gmt":"2014-09-11T13:52:46","guid":{"rendered":"http:\/\/www.ivg.it\/?p=272677"},"modified":"2014-09-12T09:33:53","modified_gmt":"2014-09-12T07:33:53","slug":"tavole-chiodate-contro-i-bikers-a-tovo-san-giacomo-dura-condanna-della-regione","status":"publish","type":"post","link":"https:\/\/staging.ivg.it\/2014\/09\/tavole-chiodate-contro-i-bikers-a-tovo-san-giacomo-dura-condanna-della-regione\/","title":{"rendered":"Tavole chiodate contro i bikers a Tovo San Giacomo: dura condanna della Regione"},"content":{"rendered":"<p><strong>Tovo San Giacomo.<\/strong> &#8220;Non siamo di fronte solo ad un gesto incivile e vigliacco ma ad un atto che si potrebbe configurare come reato grave. L\u2019auspicio \u00e8 che i responsabili siano individuati e ne rispondano di fronte alla giustizia&#8221;. \u00c8 la dura condanna espressa dagli asessori allo Sport e al Turismo Matteo Rossi e Angelo Berlangieri in merito alla notizia del ritrovamento di tavole chiodate contro i bikers a Tovo San Giacomo.<\/p>\n<p>&#8220;Esprimiamo solidariet\u00e0 al sindaco Alessandro Oddo e ai molti volontari di Aib e Pro Loco che con il loro lavoro hanno ripulito, riqualificato e restituito alla collettivit\u00e0 chilometri di sentieri abbandonati &#8211; affermano gli assessori &#8211; Non \u00e8 la prima volta che si sente parlare di trappole per bikers, \u00e8 capitato in passato sui sentieri delle Manie, paradisi dell\u2019outdoor sempre pi\u00f9 amati da turisti e sportivi&#8221;.<\/p>\n<p>&#8220;Sono episodi che vanno condannati duramente e arginati sin dall\u2019insorgere, rappresentando l\u2019emblema di una profonda ignoranza sulle potenzialit\u00e0 e lo sviluppo di tutti quegli sport praticati all\u2019aria aperta &#8211; dicono ancora Rossi e Berlangieri &#8211; Stiamo parlando di un comparto assolutamente strategico per il nostro turismo, vogliamo destagionalizzare e aumentare i nostri visitatori e gesti del genere, oltre ad essere deplorevoli, rappresentano un danno enorme per l\u2019intera collettivit\u00e0\u201d.<\/p>\n","protected":false},"excerpt":{"rendered":"<p>Tovo San Giacomo. &#8220;Non siamo di fronte solo ad un gesto incivile e vigliacco ma ad un atto che si potrebbe configurare come reato grave. L\u2019auspicio \u00e8 che i responsabili siano individuati e ne rispondano di fronte alla giustizia&#8221;. \u00c8 la dura condanna espressa dagli asessori allo Sport e al Turismo Matteo Rossi e Angelo [&hellip;]<\/p>\n","protected":false},"author":13744,"featured_media":0,"comment_status":"open","ping_status":"closed","sticky":false,"template":"","format":"standard","meta":{"footnotes":""},"categories":[45296],"tags":[15517,13605,25350,223,86096],"class_list":["post-272677","post","type-post","status-publish","format-standard","hentry","category-copertina","tag-angelo-berlangieri","tag-bikers","tag-matteo-rossi","tag-regione-liguria","tag-tovo-san-giacomo","post_cat_citta-tovo-san-giacomo"],"amp_validity":null,"amp_enabled":true,"_links":{"self":[{"href":"https:\/\/staging.ivg.it\/ediapi\/wp\/v2\/posts\/272677","targetHints":{"allow":["GET"]}}],"collection":[{"href":"https:\/\/staging.ivg.it\/ediapi\/wp\/v2\/posts"}],"about":[{"href":"https:\/\/staging.ivg.it\/ediapi\/wp\/v2\/types\/post"}],"author":[{"embeddable":true,"href":"https:\/\/staging.ivg.it\/ediapi\/wp\/v2\/users\/13744"}],"replies":[{"embeddable":true,"href":"https:\/\/staging.ivg.it\/ediapi\/wp\/v2\/comments?post=272677"}],"version-history":[{"count":0,"href":"https:\/\/staging.ivg.it\/ediapi\/wp\/v2\/posts\/272677\/revisions"}],"wp:attachment":[{"href":"https:\/\/staging.ivg.it\/ediapi\/wp\/v2\/media?parent=272677"}],"wp:term":[{"taxonomy":"category","embeddable":true,"href":"https:\/\/staging.ivg.it\/ediapi\/wp\/v2\/categories?post=272677"},{"taxonomy":"post_tag","embeddable":true,"href":"https:\/\/staging.ivg.it\/ediapi\/wp\/v2\/tags?post=272677"}],"curies":[{"name":"wp","href":"https:\/\/api.w.org\/{rel}","templated":true}]}}