{"id":272571,"date":"2014-09-10T09:53:43","date_gmt":"2014-09-10T07:53:43","guid":{"rendered":"http:\/\/www.ivg.it\/?p=272571"},"modified":"2014-09-11T15:15:16","modified_gmt":"2014-09-11T13:15:16","slug":"preparativi-per-una-notte-ad-albenga-musei-aperti-e-una-caccia-al-tesoro","status":"publish","type":"post","link":"https:\/\/staging.ivg.it\/2014\/09\/preparativi-per-una-notte-ad-albenga-musei-aperti-e-una-caccia-al-tesoro\/","title":{"rendered":"Preparativi per &#8220;Una notte ad Albenga&#8221;, musei aperti e una caccia al tesoro"},"content":{"rendered":"<p><strong>Albenga.<\/strong> Procedono i preparativi di \u201cUna notte ad Albenga\u201d organizzata dal comune per sabato 13 Settembre dalle ore 19 alle ore 2. Quella che doveva essere una delle serate clou di fine estate e che prevedeva il coinvolgimento del centro storico con l\u2019apertura notturna gratuita di musei si sta estendendo \u2013 grazie alla collaborazione di tutti gli esercenti e associazioni cittadine \u2013 a tutta la citt\u00e0.<\/p>\n<p>Giochi, presentazione di libri, artisti di strada, mostre d\u2019arte, hobbisti, musicisti, visite guidate e una \u201cCaccia al Tesoro\u201d organizzata dal comune in collaborazione con i Rioni, il C.I.V., e le Associazioni \u201cTra le Torri\u201d,  \u201cVecchia Albenga\u201d e i \u201cFieui di Carruggi\u201d. <\/p>\n<p>La caccia al tesoro ha lo scopo di coinvolgere adulti e bambini in un gioco a squadre, per mettere in risalto alcuni aspetti del nostro centro storico. Nel corso della gara \u00e8 necessario superare prove di osservazione, ingegno e di fantasia, al fine di accumulare punti denominati Albenghini. Terreno di caccia sar\u00e0 il centro storico albenganese e la partenza della  gara \u00e8 prevista per le ore 21.00 di sabato 13 settembre in piazza Trincheri. Tutti gli iscritti devono presentarsi a partire dalle ore 18.30 alle ore 20.30 per il check-in. Sul sito del comune \u00e8 presente il regolamento, le modalit\u00e0 della caccia al tesoro e le modalit\u00e0 di iscrizione per coloro che vorranno partecipare, i premi in palio.<\/p>\n","protected":false},"excerpt":{"rendered":"<p>Albenga. Procedono i preparativi di \u201cUna notte ad Albenga\u201d organizzata dal comune per sabato 13 Settembre dalle ore 19 alle ore 2. Quella che doveva essere una delle serate clou di fine estate e che prevedeva il coinvolgimento del centro storico con l\u2019apertura notturna gratuita di musei si sta estendendo \u2013 grazie alla collaborazione di [&hellip;]<\/p>\n","protected":false},"author":13744,"featured_media":0,"comment_status":"open","ping_status":"closed","sticky":false,"template":"","format":"standard","meta":{"footnotes":""},"categories":[57712],"tags":[85841,57364],"class_list":["post-272571","post","type-post","status-publish","format-standard","hentry","category-bambini","tag-albenga","tag-una-notte-ad-albenga","post_cat_citta-albenga"],"amp_validity":null,"amp_enabled":true,"_links":{"self":[{"href":"https:\/\/staging.ivg.it\/ediapi\/wp\/v2\/posts\/272571","targetHints":{"allow":["GET"]}}],"collection":[{"href":"https:\/\/staging.ivg.it\/ediapi\/wp\/v2\/posts"}],"about":[{"href":"https:\/\/staging.ivg.it\/ediapi\/wp\/v2\/types\/post"}],"author":[{"embeddable":true,"href":"https:\/\/staging.ivg.it\/ediapi\/wp\/v2\/users\/13744"}],"replies":[{"embeddable":true,"href":"https:\/\/staging.ivg.it\/ediapi\/wp\/v2\/comments?post=272571"}],"version-history":[{"count":0,"href":"https:\/\/staging.ivg.it\/ediapi\/wp\/v2\/posts\/272571\/revisions"}],"wp:attachment":[{"href":"https:\/\/staging.ivg.it\/ediapi\/wp\/v2\/media?parent=272571"}],"wp:term":[{"taxonomy":"category","embeddable":true,"href":"https:\/\/staging.ivg.it\/ediapi\/wp\/v2\/categories?post=272571"},{"taxonomy":"post_tag","embeddable":true,"href":"https:\/\/staging.ivg.it\/ediapi\/wp\/v2\/tags?post=272571"}],"curies":[{"name":"wp","href":"https:\/\/api.w.org\/{rel}","templated":true}]}}