{"id":272550,"date":"2014-09-09T17:10:33","date_gmt":"2014-09-09T15:10:33","guid":{"rendered":"http:\/\/www.ivg.it\/?p=272550"},"modified":"2014-09-09T17:10:33","modified_gmt":"2014-09-09T15:10:33","slug":"savona-dal-12-al-14-settembre-festival-dellunita-alla-sms-di-lavagnola","status":"publish","type":"post","link":"https:\/\/staging.ivg.it\/2014\/09\/savona-dal-12-al-14-settembre-festival-dellunita-alla-sms-di-lavagnola\/","title":{"rendered":"Savona, dal 12 al 14 settembre Festival dell&#8217;Unit\u00e0 alla Sms di Lavagnola"},"content":{"rendered":"<p><strong>Savona.<\/strong> Da venerd\u00ec 12 a domenica 14 settembre il Circolo PD di Villapiana (Circolo Savona II) organizzer\u00e0 il Festival dell&#8217;Unit\u00e0 presso la Societ\u00e0 di mutuo soccorso Libert\u00e0 e Lavoro di Lavagnola.<\/p>\n<p>Oltre ad incontri e dibattiti e al buon cibo sar\u00e0 protagonista la musica.<\/p>\n<p>Ecco il programma dettagliato di ogni serata. Venerd\u00ec 12 settembre alle 21 &#8220;Booridda rolls&#8221; in concerto. Sabato 13 sempre alle 21 Luca Lanfranco (voce e chitarra) si esibir\u00e0 in un tributo a Ligabue e a seguire musica e spettacolo con &#8220;I Palmo&#8221;. Domenica 14 esibizione della scuola Kinesia Zumba e a seguire musica d&#8217;autore con &#8220;Le 4 chitarre&#8221;, cover di Fabrizio de Andr\u00e9.<\/p>\n","protected":false},"excerpt":{"rendered":"<p>Savona. Da venerd\u00ec 12 a domenica 14 settembre il Circolo PD di Villapiana (Circolo Savona II) organizzer\u00e0 il Festival dell&#8217;Unit\u00e0 presso la Societ\u00e0 di mutuo soccorso Libert\u00e0 e Lavoro di Lavagnola. Oltre ad incontri e dibattiti e al buon cibo sar\u00e0 protagonista la musica. Ecco il programma dettagliato di ogni serata. Venerd\u00ec 12 settembre alle [&hellip;]<\/p>\n","protected":false},"author":13744,"featured_media":0,"comment_status":"open","ping_status":"closed","sticky":false,"template":"","format":"standard","meta":{"footnotes":""},"categories":[31],"tags":[23747,1377,85850,194],"class_list":["post-272550","post","type-post","status-publish","format-standard","hentry","category-politica","tag-circolo-pd","tag-lavagnola","tag-savona","tag-villapiana","post_cat_citta-savona"],"amp_validity":null,"amp_enabled":true,"_links":{"self":[{"href":"https:\/\/staging.ivg.it\/ediapi\/wp\/v2\/posts\/272550","targetHints":{"allow":["GET"]}}],"collection":[{"href":"https:\/\/staging.ivg.it\/ediapi\/wp\/v2\/posts"}],"about":[{"href":"https:\/\/staging.ivg.it\/ediapi\/wp\/v2\/types\/post"}],"author":[{"embeddable":true,"href":"https:\/\/staging.ivg.it\/ediapi\/wp\/v2\/users\/13744"}],"replies":[{"embeddable":true,"href":"https:\/\/staging.ivg.it\/ediapi\/wp\/v2\/comments?post=272550"}],"version-history":[{"count":0,"href":"https:\/\/staging.ivg.it\/ediapi\/wp\/v2\/posts\/272550\/revisions"}],"wp:attachment":[{"href":"https:\/\/staging.ivg.it\/ediapi\/wp\/v2\/media?parent=272550"}],"wp:term":[{"taxonomy":"category","embeddable":true,"href":"https:\/\/staging.ivg.it\/ediapi\/wp\/v2\/categories?post=272550"},{"taxonomy":"post_tag","embeddable":true,"href":"https:\/\/staging.ivg.it\/ediapi\/wp\/v2\/tags?post=272550"}],"curies":[{"name":"wp","href":"https:\/\/api.w.org\/{rel}","templated":true}]}}