{"id":272490,"date":"2014-09-08T16:02:01","date_gmt":"2014-09-08T14:02:01","guid":{"rendered":"http:\/\/www.ivg.it\/?p=272490"},"modified":"2014-09-09T12:32:05","modified_gmt":"2014-09-09T10:32:05","slug":"festa-nazionale-del-tartufo-millesimo-dal-26-al-28-settembre","status":"publish","type":"post","link":"https:\/\/staging.ivg.it\/2014\/09\/festa-nazionale-del-tartufo-millesimo-dal-26-al-28-settembre\/","title":{"rendered":"Festa Nazionale del Tartufo a Millesimo dal 26 al 28 settembre"},"content":{"rendered":"<p><strong>Millesimo.<\/strong> Tutto pronto per la XXII Festa Nazionale del Tartufo che si terr\u00e0 da venerd\u00ec 26 a domenica 28 settembre.<\/p>\n<p>Come tradizione il pregiato fungo, nelle sue due qualit\u00e0 bianco e nero, sar\u00e0 al centro della rassegna, allestita nella prestigiosa cornice di uno dei &#8220;Borghi pi\u00f9 belli d&#8217;Italia&#8221;, che ospiter\u00e0 momenti dedicati alla gastronomia, una mostra mercato, spettacoli itineranti e musica.<\/p>\n<p>Tutto il centro storico sar\u00e0 coinvolto dalla manifestazione che dedicher\u00e0 spazio anche a convegni tematici e installazioni d&#8217;arte, nei luoghi pi\u00f9 caratterizzanti del paese quali il Castello, la Cappella di san Gerolamo e la Chiesa di san Rocco.<\/p>\n<p>&#8220;Le precedenti edizioni e l&#8217;esperienza degli &#8216;addetti ai lavori&#8217; hanno permesso a questa manifestazione di maturare nel tempo diversi punti di forza, consolidando il suo ruolo di traino alla valorizzazione delle risorse del territorio &#8211; sottolineano gli organizzatori &#8211; Gli ottimi risultati raccolti in ventidue anni hanno permesso di fregiare l&#8217;edizione 2014 del logo ANCIperEXPO su indicazione dell&#8217;Associazione Nazionale &#8216;Citt\u00e0 del Tartufo&#8217;, che fa parte della rete delle associazioni di identit\u00e0 che promuove il patrimonio enogastronomico, artistico e culturale italiano&#8221;.<\/p>\n","protected":false},"excerpt":{"rendered":"<p>Millesimo. Tutto pronto per la XXII Festa Nazionale del Tartufo che si terr\u00e0 da venerd\u00ec 26 a domenica 28 settembre. Come tradizione il pregiato fungo, nelle sue due qualit\u00e0 bianco e nero, sar\u00e0 al centro della rassegna, allestita nella prestigiosa cornice di uno dei &#8220;Borghi pi\u00f9 belli d&#8217;Italia&#8221;, che ospiter\u00e0 momenti dedicati alla gastronomia, una [&hellip;]<\/p>\n","protected":false},"author":13744,"featured_media":0,"comment_status":"open","ping_status":"closed","sticky":false,"template":"","format":"standard","meta":{"footnotes":""},"categories":[45296],"tags":[56963,1199,27000,240,85857,11528],"class_list":["post-272490","post","type-post","status-publish","format-standard","hentry","category-copertina","tag-borghi-piu-belli-ditalia","tag-castello","tag-festa-tartufo","tag-gastronomia","tag-millesimo","tag-san-rocco","post_cat_citta-millesimo"],"amp_validity":null,"amp_enabled":true,"_links":{"self":[{"href":"https:\/\/staging.ivg.it\/ediapi\/wp\/v2\/posts\/272490","targetHints":{"allow":["GET"]}}],"collection":[{"href":"https:\/\/staging.ivg.it\/ediapi\/wp\/v2\/posts"}],"about":[{"href":"https:\/\/staging.ivg.it\/ediapi\/wp\/v2\/types\/post"}],"author":[{"embeddable":true,"href":"https:\/\/staging.ivg.it\/ediapi\/wp\/v2\/users\/13744"}],"replies":[{"embeddable":true,"href":"https:\/\/staging.ivg.it\/ediapi\/wp\/v2\/comments?post=272490"}],"version-history":[{"count":0,"href":"https:\/\/staging.ivg.it\/ediapi\/wp\/v2\/posts\/272490\/revisions"}],"wp:attachment":[{"href":"https:\/\/staging.ivg.it\/ediapi\/wp\/v2\/media?parent=272490"}],"wp:term":[{"taxonomy":"category","embeddable":true,"href":"https:\/\/staging.ivg.it\/ediapi\/wp\/v2\/categories?post=272490"},{"taxonomy":"post_tag","embeddable":true,"href":"https:\/\/staging.ivg.it\/ediapi\/wp\/v2\/tags?post=272490"}],"curies":[{"name":"wp","href":"https:\/\/api.w.org\/{rel}","templated":true}]}}