{"id":272463,"date":"2014-09-08T12:16:28","date_gmt":"2014-09-08T10:16:28","guid":{"rendered":"http:\/\/www.ivg.it\/?p=272463"},"modified":"2014-09-09T12:06:22","modified_gmt":"2014-09-09T10:06:22","slug":"savona-6","status":"publish","type":"post","link":"https:\/\/staging.ivg.it\/2014\/09\/savona-6\/","title":{"rendered":"Savona, c&#8217;\u00e8 il progetto per il restyling dell&#8217;ultima parte di citt\u00e0 demolita dalla guerra"},"content":{"rendered":"<p><strong>Savona.<\/strong> La societ\u00e0 Due torri presenter\u00e0 al Comune il progetto di rifacimento dell&#8217;area posta tra via Untoria, via Giuria e via Lavagna. L\u2019annuncio su Facebook da parte del vice sindaco e assessore all\u2019urbanistica Livio di Tullio.<\/p>\n<p>\u201cSi tratta di un intervento sull&#8217;ultima (credo&#8230;e spero) parte di citt\u00e0 demolita dalla seconda guerra mondiale e mai pi\u00f9 risistemata. Al momento sono in corso una serie di verifiche archeologiche, poi gli uffici esamineranno il progetto che dovrebbe essere conforme al Puc\u201d dice Di Tullio. <\/p>\n<p>\u201cSi realizzeranno una cinquantina di alloggi per una superficie totale di intervento di circa 4.600 metri quadri. L&#8217;aspetto per\u00f2 sicuramente pi\u00f9 interessante \u00e8 la riqualificazione dell&#8217;area\u201d. Secondo quanto riferito se il progetto sar\u00e0 conforme al Puc si prevede il via entro sei mesi e, in assenza di intoppi, lavori conclusi in 2-3 anni.<\/p>\n<p>\u201cA giorni andremo in gara anche con il progetto di rifacimento delle facciate del Mercato Civico\u201d conclude il vice sindaco savonese. Fine settembre per il bando, con un intervento che il Comune spera di chiudere nella tarda primavera-inizio estate del 2015.<\/p>\n","protected":false},"excerpt":{"rendered":"<p>Savona. La societ\u00e0 Due torri presenter\u00e0 al Comune il progetto di rifacimento dell&#8217;area posta tra via Untoria, via Giuria e via Lavagna. L\u2019annuncio su Facebook da parte del vice sindaco e assessore all\u2019urbanistica Livio di Tullio. \u201cSi tratta di un intervento sull&#8217;ultima (credo&#8230;e spero) parte di citt\u00e0 demolita dalla seconda guerra mondiale e mai pi\u00f9 [&hellip;]<\/p>\n","protected":false},"author":13744,"featured_media":0,"comment_status":"open","ping_status":"closed","sticky":false,"template":"","format":"standard","meta":{"footnotes":""},"categories":[45296],"tags":[3204,47695,85850],"class_list":["post-272463","post","type-post","status-publish","format-standard","hentry","category-copertina","tag-comune-savona","tag-mercato-civico","tag-savona","post_cat_citta-andora","post_cat_citta-savona"],"amp_validity":null,"amp_enabled":true,"_links":{"self":[{"href":"https:\/\/staging.ivg.it\/ediapi\/wp\/v2\/posts\/272463","targetHints":{"allow":["GET"]}}],"collection":[{"href":"https:\/\/staging.ivg.it\/ediapi\/wp\/v2\/posts"}],"about":[{"href":"https:\/\/staging.ivg.it\/ediapi\/wp\/v2\/types\/post"}],"author":[{"embeddable":true,"href":"https:\/\/staging.ivg.it\/ediapi\/wp\/v2\/users\/13744"}],"replies":[{"embeddable":true,"href":"https:\/\/staging.ivg.it\/ediapi\/wp\/v2\/comments?post=272463"}],"version-history":[{"count":0,"href":"https:\/\/staging.ivg.it\/ediapi\/wp\/v2\/posts\/272463\/revisions"}],"wp:attachment":[{"href":"https:\/\/staging.ivg.it\/ediapi\/wp\/v2\/media?parent=272463"}],"wp:term":[{"taxonomy":"category","embeddable":true,"href":"https:\/\/staging.ivg.it\/ediapi\/wp\/v2\/categories?post=272463"},{"taxonomy":"post_tag","embeddable":true,"href":"https:\/\/staging.ivg.it\/ediapi\/wp\/v2\/tags?post=272463"}],"curies":[{"name":"wp","href":"https:\/\/api.w.org\/{rel}","templated":true}]}}