{"id":272380,"date":"2014-09-06T12:53:12","date_gmt":"2014-09-06T10:53:12","guid":{"rendered":"http:\/\/www.ivg.it\/?p=272380"},"modified":"2014-09-06T19:22:38","modified_gmt":"2014-09-06T17:22:38","slug":"il-silenzio-come-segnale-di-pace-serata-di-meditazione-ad-albisola-arriva-yoga-against-war","status":"publish","type":"post","link":"https:\/\/staging.ivg.it\/2014\/09\/il-silenzio-come-segnale-di-pace-serata-di-meditazione-ad-albisola-arriva-yoga-against-war\/","title":{"rendered":"Il silenzio come segnale di pace, serata di meditazione ad Albisola: arriva &#8220;Yoga Against War&#8221;"},"content":{"rendered":"<p><strong>Albisola Superiore.<\/strong> Si chiama &#8220;Yoga Against War&#8221;, ed \u00e8 un modo per testimoniare la propria voglia di pace. Senza urlare, come troppo spesso capita, ma con il silenzio. E la meditazione.<\/p>\n<p>Accadr\u00e0 questa sera ad Albisola, dove, dalle ore 19, presso la spiaggia libera dalla Terrazza sul Mare chiunque vorr\u00e0 potr\u00e0 partecipare a un momento di raccoglimento, uno spazio di meditazione contro la guerra. &#8220;Manderemo un messaggio di pace oltre il mare, dove si stanno consumando assurde atrocit\u00e0 &#8211; dicono gli organizzatori &#8211; Ognuno di noi potr\u00e0 apportare il suo contributo mediante la propria meditazione, o la propria preghiera o con un semplice momento di silenzio&#8221;.<\/p>\n<p>Un evento che nasce da un&#8217;idea di Patrizio Lai, maestro di yoga e meditazione e responsabile del settore yoga del Centro Sportivo Educativo regionale. &#8220;Ho creato il primo di tanti eventi yoga per la pace per dare un segnale forte &#8211; spiega &#8211; che noi cittadini non ci stiamo a subire tutte queste ingiustizie verso i nostri fratelli di tutto il mondo, uomini donne e bambini uccisi ogni giorno in ogni parte del mondo&#8221;.<\/p>\n<p>Una visione che, nata in terra savonese, sta velocemente contagiando l&#8217;Italia e il mondo: &#8220;Sto coinvolgendo altre citt\u00e0, e anche altre nazioni &#8211; conferma Lai &#8211; stanno aderendo molte persone a Firenze e Milano, ma anche in Brasile, Germania e Bali&#8221;.<\/p>\n<p>Questa sera, dunque, tutti uniti sulla spiaggia albisolese, in silenzio ed in modo ordinato, con gli occhi chiusi, per lanciare un chiaro messaggio: basta guerre. &#8220;Vogliamo vivere in pace con tutti i nostri fratelli, con idee e credi diversi&#8221; insiste Lai. E per chi non potr\u00e0 essere presente ecco pronta la soluzione virtuale: ovunque ci si trovi nel mondo si potr\u00e0 mandare il proprio messaggio spirituale rivolto verso il sole. Baster\u00e0 connettersi alla stessa ora sui social network e mandare la propria testimonianza, postando una foto con l&#8217;hashtag #\u200eYOGAagainstWAR.<\/p>\n<p>&#8220;Creeremo tutti insieme una risposta di bene, di pace e di amore &#8211; conclude Lai &#8211; Un incontro di anime che ripeteremo a breve&#8221;.<\/p>\n","protected":false},"excerpt":{"rendered":"<p>Albisola Superiore. Si chiama &#8220;Yoga Against War&#8221;, ed \u00e8 un modo per testimoniare la propria voglia di pace. Senza urlare, come troppo spesso capita, ma con il silenzio. E la meditazione. Accadr\u00e0 questa sera ad Albisola, dove, dalle ore 19, presso la spiaggia libera dalla Terrazza sul Mare chiunque vorr\u00e0 potr\u00e0 partecipare a un momento [&hellip;]<\/p>\n","protected":false},"author":10593,"featured_media":0,"comment_status":"open","ping_status":"closed","sticky":false,"template":"","format":"standard","meta":{"footnotes":""},"categories":[45296],"tags":[86016,1140,10079],"class_list":["post-272380","post","type-post","status-publish","format-standard","hentry","category-copertina","tag-albisola-superiore","tag-pace","tag-yoga","post_cat_citta-albisola-superiore"],"amp_validity":null,"amp_enabled":true,"_links":{"self":[{"href":"https:\/\/staging.ivg.it\/ediapi\/wp\/v2\/posts\/272380","targetHints":{"allow":["GET"]}}],"collection":[{"href":"https:\/\/staging.ivg.it\/ediapi\/wp\/v2\/posts"}],"about":[{"href":"https:\/\/staging.ivg.it\/ediapi\/wp\/v2\/types\/post"}],"author":[{"embeddable":true,"href":"https:\/\/staging.ivg.it\/ediapi\/wp\/v2\/users\/10593"}],"replies":[{"embeddable":true,"href":"https:\/\/staging.ivg.it\/ediapi\/wp\/v2\/comments?post=272380"}],"version-history":[{"count":0,"href":"https:\/\/staging.ivg.it\/ediapi\/wp\/v2\/posts\/272380\/revisions"}],"wp:attachment":[{"href":"https:\/\/staging.ivg.it\/ediapi\/wp\/v2\/media?parent=272380"}],"wp:term":[{"taxonomy":"category","embeddable":true,"href":"https:\/\/staging.ivg.it\/ediapi\/wp\/v2\/categories?post=272380"},{"taxonomy":"post_tag","embeddable":true,"href":"https:\/\/staging.ivg.it\/ediapi\/wp\/v2\/tags?post=272380"}],"curies":[{"name":"wp","href":"https:\/\/api.w.org\/{rel}","templated":true}]}}