{"id":272351,"date":"2014-09-05T19:19:23","date_gmt":"2014-09-05T17:19:23","guid":{"rendered":"http:\/\/www.ivg.it\/?p=272351"},"modified":"2014-09-06T10:24:47","modified_gmt":"2014-09-06T08:24:47","slug":"quiliano-lettera-aperta-del-comune-renzi-e-anci-chiudere-il-bilancio-e-sempre-piu-difficile","status":"publish","type":"post","link":"https:\/\/staging.ivg.it\/2014\/09\/quiliano-lettera-aperta-del-comune-renzi-e-anci-chiudere-il-bilancio-e-sempre-piu-difficile\/","title":{"rendered":"Quiliano, lettera aperta del Comune a Renzi e Anci: &#8220;Chiudere il bilancio \u00e8 sempre pi\u00f9 difficile&#8221;"},"content":{"rendered":"<p><strong>Quiliano.<\/strong> \u00c8 un vero e proprio \u201cgrido di dolore\u201d quello lanciato dal sindaco Alberto Ferrando e dall\u2019assessore Pierluigi Lavazzelli e diretto al presidente del Consiglio Matteo Renzi e a Piero Fassino e Marco Doria, presidenti nazionale e regionale Anci. \u201cCos\u00ec non va, le difficolt\u00e0 a &#8216;chiudere il bilancio&#8217; sono sempre maggiori&#8221;, spiegano in una lettera aperta indirizzata &#8220;a chi il &#8216;mestiere&#8217; di primo cittadino dovrebbe conoscerlo bene, avendo ricoperto quest&#8217;incarico o ricoprendolo tutt&#8217;ora&#8221;.<\/p>\n<p>I tagli dei trasferimenti dal Governo e la sempre maggiore quantit\u00e0 di denaro prelevato con tasse locali e inviato a Roma \u00e8 al centro della polemica. \u201cSolo nel 2010 il nostro Comune ha ricevuto trasferimenti per oltre 1 milione 400 mila euro \u2013 spiegano Ferrando e Lavazzelli \u2013 mentre oggi ne abbiamo ricevuto circa 420 mila. Una somma inferiore a quella che stanziamo per il Fondo di solidariet\u00e0. Inoltre \u2013 proseguono \u2013 il 7,6 per mille dell&#8217;Imu riscosso dagli immobili per attivit\u00e0 produttive va allo Stato che in soli 4 anni ha &#8216;recuperato&#8217; da Quiliano 2,2 milioni di euro, sottraendoli ai servizi che l&#8217;amministrazione offre ai suoi cittadini e alle attivit\u00e0 produttive\u201d.<\/p>\n<p>L&#8217;aumento dell&#8217;imposizione fiscale \u00e8 un amaro obbligo per l&#8217;amministrazione quilianese. \u201cSiamo costretti ad attuarla in un momento di grande crisi economica resa pi\u00f9 pesante a livello locale dalla chiusura di numerosi presidi industriali. Le visite agli sportelli dei servizi sociali sono ormai in crescita esponenziale ma le scelte attuate a livello nazionale ci portano ad operare, a malincuore, scelte che sono difficili e dolorose soprattutto per chi le subisce\u201d.<\/p>\n<p>La vera sfida \u00e8 il reperimento di circa 700mila \u20ac mancanti dalle entrate del 2014. \u201cNei prossimi giorni \u2013 sottolineano Ferrando e Lavazzelli \u2013 andremo a proporre in Consiglio comunale scelte che, in qualche misura, contraddicono l&#8217;impostazione che avevamo dato ai bilanci negli ultimi anni\u201d.<\/p>\n<p>L&#8217;obiettivo numero uno \u00e8 il mantenimento del sistema di welfare comunale, che imporr\u00e0 all&#8217;amministrazione comunale un aumento dell&#8217;Imu sulle attivit\u00e0 produttive che raggiunger\u00e0 il 10,6 per mille. \u201cFinora abbiamo cercato di evitarlo in tutti i modi \u2013 spiegano in Comune \u2013 ma \u00e8 una misura che si \u00e8 resa necessaria, insieme ad una nuova modulazione dell&#8217;Irpef comunale, che prevede la rinuncia alla pi\u00f9 equa ripartizione a scaglioni e a una sorta di reintroduzione dell&#8217;Ici\/Imu sulla prima casa attraverso la Tasi\u201d.<\/p>\n<p>Ferrando e Lavazzelli criticano duramente la politica fiscale delle seconde case. \u201cSembra quasi \u2013 attaccano \u2013 che lo Stato attui una politica &#8216;immobiliare&#8217;, consentendo un gettito sicuro ai Comuni che hanno autorizzato la costruzione di seconde case, magari sfruttando il territorio in modo spregiudicato, mentre non rende giustizia a quelle amministrazioni che hanno scelto di ospitare sul proprio territorio insediamenti produttivi e industriali, fondamentali sul piano dell&#8217;occupazione ma, talora, invasivi sotto il profilo ambientale e infrastrutturale&#8221;.<\/p>\n<p>&#8220;Chiediamo di creare un vero federalismo fiscale, con la possibilit\u00e0 per i territori di gestire almeno i proventi della tassazione dei propri cittadini a favore degli stessi. O si lasciano ai Comuni tutte le entrate dell&#8217;Imu oppure va ripensata, in tempi rapidi, l&#8217;organizzazione del sistema dei Comuni \u2013 concludono i due amministratori quilianesi \u2013 L&#8217;imposizione fiscale, diretta e indiretta, non deve aumentare ulteriormente perch\u00e9 non \u00e8 pi\u00f9 sostenibile\u201d.<\/p>\n","protected":false},"excerpt":{"rendered":"<p>Quiliano. \u00c8 un vero e proprio \u201cgrido di dolore\u201d quello lanciato dal sindaco Alberto Ferrando e dall\u2019assessore Pierluigi Lavazzelli e diretto al presidente del Consiglio Matteo Renzi e a Piero Fassino e Marco Doria, presidenti nazionale e regionale Anci. \u201cCos\u00ec non va, le difficolt\u00e0 a &#8216;chiudere il bilancio&#8217; sono sempre maggiori&#8221;, spiegano in una lettera [&hellip;]<\/p>\n","protected":false},"author":13744,"featured_media":0,"comment_status":"open","ping_status":"closed","sticky":false,"template":"","format":"standard","meta":{"footnotes":""},"categories":[45296,31],"tags":[6591,32862,85860],"class_list":["post-272351","post","type-post","status-publish","format-standard","hentry","category-copertina","category-politica","tag-alberto-ferrando","tag-matteo-renzi","tag-quiliano","post_cat_citta-quiliano"],"amp_validity":null,"amp_enabled":true,"_links":{"self":[{"href":"https:\/\/staging.ivg.it\/ediapi\/wp\/v2\/posts\/272351","targetHints":{"allow":["GET"]}}],"collection":[{"href":"https:\/\/staging.ivg.it\/ediapi\/wp\/v2\/posts"}],"about":[{"href":"https:\/\/staging.ivg.it\/ediapi\/wp\/v2\/types\/post"}],"author":[{"embeddable":true,"href":"https:\/\/staging.ivg.it\/ediapi\/wp\/v2\/users\/13744"}],"replies":[{"embeddable":true,"href":"https:\/\/staging.ivg.it\/ediapi\/wp\/v2\/comments?post=272351"}],"version-history":[{"count":0,"href":"https:\/\/staging.ivg.it\/ediapi\/wp\/v2\/posts\/272351\/revisions"}],"wp:attachment":[{"href":"https:\/\/staging.ivg.it\/ediapi\/wp\/v2\/media?parent=272351"}],"wp:term":[{"taxonomy":"category","embeddable":true,"href":"https:\/\/staging.ivg.it\/ediapi\/wp\/v2\/categories?post=272351"},{"taxonomy":"post_tag","embeddable":true,"href":"https:\/\/staging.ivg.it\/ediapi\/wp\/v2\/tags?post=272351"}],"curies":[{"name":"wp","href":"https:\/\/api.w.org\/{rel}","templated":true}]}}