{"id":272041,"date":"2014-09-02T11:26:31","date_gmt":"2014-09-02T09:26:31","guid":{"rendered":"http:\/\/www.ivg.it\/?p=272041"},"modified":"2014-09-02T11:26:31","modified_gmt":"2014-09-02T09:26:31","slug":"finale-giovani-velisti-gara-al-campionato-nazionale-bug","status":"publish","type":"post","link":"https:\/\/staging.ivg.it\/2014\/09\/finale-giovani-velisti-gara-al-campionato-nazionale-bug\/","title":{"rendered":"Finale, giovani velisti in gara al campionato nazionale Bug"},"content":{"rendered":"<p><strong>Finale Ligure<\/strong>. Da venerd\u00ec 5 a domenica 7 settembre, a Finale Ligure, nello specchio antistante la citt\u00e0, si svolger\u00e0 il campionato nazionale Bug, manifestazione velica che vedr\u00e0 impegnati piccoli agguerritissimi atleti provenienti da tutta Italia.<\/p>\n<p>Si contenderanno il titolo pi\u00f9 ambito, il coronamento di un anno di impegno e sacrifici: campione nazionale di categoria.<\/p>\n<p>Oltre 30 barche, oltre 100 persone coinvolte tra allenatori, accompagnatori, giudici di regata, organizzatori, quattro mezzi di assistenza in acqua pi\u00f9 un battello comitato.<\/p>\n<p>L&#8217;Asd Circolo Nautico del Finale, organizzatrice della manifestazione, in linea con le sue radici e fedele alle sue tradizioni, da 50 anni si propone di valorizzare e potenziare lo sport nautico di Finale Ligure.<\/p>\n","protected":false},"excerpt":{"rendered":"<p>Finale Ligure. Da venerd\u00ec 5 a domenica 7 settembre, a Finale Ligure, nello specchio antistante la citt\u00e0, si svolger\u00e0 il campionato nazionale Bug, manifestazione velica che vedr\u00e0 impegnati piccoli agguerritissimi atleti provenienti da tutta Italia. Si contenderanno il titolo pi\u00f9 ambito, il coronamento di un anno di impegno e sacrifici: campione nazionale di categoria. Oltre [&hellip;]<\/p>\n","protected":false},"author":13744,"featured_media":0,"comment_status":"open","ping_status":"closed","sticky":false,"template":"","format":"standard","meta":{"footnotes":""},"categories":[42377],"tags":[85844,429],"class_list":["post-272041","post","type-post","status-publish","format-standard","hentry","category-altri-sport","tag-finale-ligure","tag-vela","post_cat_citta-finale-ligure"],"amp_validity":null,"amp_enabled":true,"_links":{"self":[{"href":"https:\/\/staging.ivg.it\/ediapi\/wp\/v2\/posts\/272041","targetHints":{"allow":["GET"]}}],"collection":[{"href":"https:\/\/staging.ivg.it\/ediapi\/wp\/v2\/posts"}],"about":[{"href":"https:\/\/staging.ivg.it\/ediapi\/wp\/v2\/types\/post"}],"author":[{"embeddable":true,"href":"https:\/\/staging.ivg.it\/ediapi\/wp\/v2\/users\/13744"}],"replies":[{"embeddable":true,"href":"https:\/\/staging.ivg.it\/ediapi\/wp\/v2\/comments?post=272041"}],"version-history":[{"count":0,"href":"https:\/\/staging.ivg.it\/ediapi\/wp\/v2\/posts\/272041\/revisions"}],"wp:attachment":[{"href":"https:\/\/staging.ivg.it\/ediapi\/wp\/v2\/media?parent=272041"}],"wp:term":[{"taxonomy":"category","embeddable":true,"href":"https:\/\/staging.ivg.it\/ediapi\/wp\/v2\/categories?post=272041"},{"taxonomy":"post_tag","embeddable":true,"href":"https:\/\/staging.ivg.it\/ediapi\/wp\/v2\/tags?post=272041"}],"curies":[{"name":"wp","href":"https:\/\/api.w.org\/{rel}","templated":true}]}}