{"id":272034,"date":"2014-09-02T10:42:58","date_gmt":"2014-09-02T08:42:58","guid":{"rendered":"http:\/\/www.ivg.it\/?p=272034"},"modified":"2014-09-03T09:16:00","modified_gmt":"2014-09-03T07:16:00","slug":"il-ministro-orlando-arriva-cairo-e-la-polizia-penitenziaria-prepara-una-maxi-protesta-sappe-cosi-non-possiamo-andare-avanti","status":"publish","type":"post","link":"https:\/\/staging.ivg.it\/2014\/09\/il-ministro-orlando-arriva-cairo-e-la-polizia-penitenziaria-prepara-una-maxi-protesta-sappe-cosi-non-possiamo-andare-avanti\/","title":{"rendered":"Il Ministro Orlando arriva a Cairo e la polizia penitenziaria prepara una maxi protesta, Sappe: &#8220;Cos\u00ec non possiamo andare avanti&#8221;"},"content":{"rendered":"<p><strong>Cairo M.<\/strong> Gli agenti di polizia penitenziaria liguri sono pronti a protestare davanti al Ministro della Giustizia Andrea Orlando. Succeder\u00e0 in occasione della visita dell&#8217;esponente del Governo Renzi a Cairo Montenotte, per partecipare ad un convegno sulla formazione nella Scuola di Polizia &#8220;Andrea Schivo&#8221;: il Sappe, il primo Sindacato della Polizia Penitenziaria, ha infatti preannunciato una rumorosa manifestazione e un sit-in di protesta in concomitanza con l&#8217;evento.<\/p>\n<p>&#8220;Saremo in piazza a gridare la rabbia dei poliziotti penitenziari della Liguria, abbandonati a loro stessi da una Amministrazione centrale che non fa nulla per risolvere le endemiche criticit\u00e0 della Regione e che sar\u00e0 presente a Cairo con i suoi massimi vertici &#8211; denuncia il Sindacato Autonomo Polizia Penitenziaria attraverso il suo leader Donato Capece -. Si parla tanto di formazione, ma quella che si propina da sessant&#8217;anni ai poliziotti penitenziari \u00e8 vecchia e superata dai cambiamenti socioculturali intervenuto nella popolazione detenuta e nella criminalit\u00e0. E non tiene conto che la Polizia Penitenziaria \u00e8 un Corpo di Polizia dello Stato. Ma la realt\u00e0 \u00e8 che da anni i nostri poliziotti non fanno nessun tipo di aggiornamento professionale e di formazione. Altro che convegni e autocelebrazioni come quella che si vorrebbe fare il 15 settembre a Cairo Montenotte&#8221;.<\/p>\n<p>Capece denuncia anche i problemi delle sedi penitenziarie liguri: &#8220;Imperia, Sanremo, La Spezia, Pontedecimo, Marassi, Savona, Chiavari sono penitenziari che vanno avanti solamente grazie ai poliziotti, alla loro professionalit\u00e0, al loro spirito di servizio, alla loro umanit\u00e0. E lavorano sotto organico e in penitenziari spesso degradati e degradanti: basti pensare al carcere di Savona, struttura che potrebbe essere superata da un nuovo penitenziario da costruirsi proprio in Valbormida&#8221;.<\/p>\n<p>&#8220;In Liguria manca il personale di Polizia Penitenziaria e ogni giorno c&#8217;\u00e8 una nuova criticit\u00e0, come dimostra anche il caso che ha riguardato Marassi proprio in questi giorni. L&#8217;Amministrazione Penitenziaria \u00e8 ormai da diversi mesi senza un Capo Dipartimento e l&#8217;organico dei Baschi Azzurri \u00e8 sotto di 7mila unit\u00e0. La spending review e la legge di Stabilit\u00e0 hanno cancellato le assunzioni, nonostante l&#8217;et\u00e0 media dei poliziotti si aggira ormai sui 40 anni. Altissima, considerato il lavoro usurante che svolgiamo. Nonostante le affrettate rassicurazioni di chi va in giro a dire che i problemi delle carceri sono (quasi) risolti e non c&#8217;\u00e8 pi\u00f9 un&#8217;emergenza, i drammi umani restano, eccome. Lo sanno bene i poliziotti penitenziari della Liguria, che gestiscono questi drammi ogni giorno e che si sentono abbandonati a loro stessi da chi tratta la Liguria con colpevole superficialit\u00e0 nonostante i tanti problemi che vi sono a Imperia, Sanremo, La Spezia, Pontedecimo, Marassi, Savona, Chiavari&#8221; aggiunge Capece&#8221;.<\/p>\n<p>E il Sappe chiama direttamente in causa proprio il Ministro Orlando: &#8220;Non \u00e8 pensabile chiudere strutture importanti di raccordo tra carcere, istituzioni e territorio come il Provveditorato Regionale dell&#8217;Amministrazione Penitenziaria di Genova a meno che non si voglia paralizzare il sistema ed avere del carcere l&#8217;esclusiva concezione custodiale che lo ha caratterizzato fino ad oggi. Vogliono il Ministro Orlando e il Governo Renzi essere ricordati per questo demolizione dei presidi di sicurezza del Paese?&#8221; conclude il segretario generale del sindacato.<\/p>\n","protected":false},"excerpt":{"rendered":"<p>Cairo M. Gli agenti di polizia penitenziaria liguri sono pronti a protestare davanti al Ministro della Giustizia Andrea Orlando. Succeder\u00e0 in occasione della visita dell&#8217;esponente del Governo Renzi a Cairo Montenotte, per partecipare ad un convegno sulla formazione nella Scuola di Polizia &#8220;Andrea Schivo&#8221;: il Sappe, il primo Sindacato della Polizia Penitenziaria, ha infatti preannunciato [&hellip;]<\/p>\n","protected":false},"author":13744,"featured_media":0,"comment_status":"open","ping_status":"closed","sticky":false,"template":"","format":"standard","meta":{"footnotes":""},"categories":[45296,34],"tags":[85987,47454,2879,6136],"class_list":["post-272034","post","type-post","status-publish","format-standard","hentry","category-copertina","category-cronaca","tag-cairo-montenotte","tag-ministro-orlando","tag-polizia-penitenziaria","tag-sappe","post_cat_citta-cairo-montenotte"],"amp_validity":null,"amp_enabled":true,"_links":{"self":[{"href":"https:\/\/staging.ivg.it\/ediapi\/wp\/v2\/posts\/272034","targetHints":{"allow":["GET"]}}],"collection":[{"href":"https:\/\/staging.ivg.it\/ediapi\/wp\/v2\/posts"}],"about":[{"href":"https:\/\/staging.ivg.it\/ediapi\/wp\/v2\/types\/post"}],"author":[{"embeddable":true,"href":"https:\/\/staging.ivg.it\/ediapi\/wp\/v2\/users\/13744"}],"replies":[{"embeddable":true,"href":"https:\/\/staging.ivg.it\/ediapi\/wp\/v2\/comments?post=272034"}],"version-history":[{"count":0,"href":"https:\/\/staging.ivg.it\/ediapi\/wp\/v2\/posts\/272034\/revisions"}],"wp:attachment":[{"href":"https:\/\/staging.ivg.it\/ediapi\/wp\/v2\/media?parent=272034"}],"wp:term":[{"taxonomy":"category","embeddable":true,"href":"https:\/\/staging.ivg.it\/ediapi\/wp\/v2\/categories?post=272034"},{"taxonomy":"post_tag","embeddable":true,"href":"https:\/\/staging.ivg.it\/ediapi\/wp\/v2\/tags?post=272034"}],"curies":[{"name":"wp","href":"https:\/\/api.w.org\/{rel}","templated":true}]}}