{"id":271705,"date":"2014-08-28T09:19:00","date_gmt":"2014-08-28T07:19:00","guid":{"rendered":"http:\/\/www.ivg.it\/?p=271705"},"modified":"2014-08-28T09:19:00","modified_gmt":"2014-08-28T07:19:00","slug":"savona-calcio-tre-giorni-dallesordio","status":"publish","type":"post","link":"https:\/\/staging.ivg.it\/2014\/08\/savona-calcio-tre-giorni-dallesordio\/","title":{"rendered":"Savona calcio, partitella e presentazione (domani): si avvicina l&#8217;esordio di Ancona"},"content":{"rendered":"<p><b>Savona.<\/b> Al \u201cBacigalupo\u201d e dintorni domina il numero tre. Tre come i giorni che separano il Savona di Arturo Di Napoli dall\u2019esordio nel girone B di Lega Pro ad Ancona (ore 14,30 arbitro Pierantonio Perotti di Legnano).<\/p>\n<p>Tre come i giocatori che mancano all\u2019organico della prima squadra per essere completa. Almeno a sentire cosa aveva dichiarato, qualche giorno fa, l\u2019allenatore biancobl\u00f9.<\/p>\n<p>Prima dell\u2019arrivo di Scappini, infatti, Arturo Di Napoli aveva espresso chiaramente i suoi desiderata. Ma, nelle ultime giornate, la dirigenza savonese \u00e8 stata impegnata pi\u00f9 sul fronte uscite che quello degli arrivi.<\/p>\n<p>Difficile pronosticare, ad ora, che da qui alle 23 del 1 settembre \u2013 data di chiusura della sessione del calciomercato estivo \u2013 possano arrivare tre calciatori sotto la Torretta.<\/p>\n<p>La squadra, intanto, continua la preparazione cercando di non trascurare alcun particolare. Dopo le amichevoli della scorsa settimana con Legino e Imperia, Arturo Di Napoli si affida alla pi\u00f9 classica delle partitelle in famiglia contro la formazione Berretti di Ilario Genta, per collaudare gli schemi in vista del match d\u2019esordio.<\/p>\n<p>Ad Ancona mancher\u00e0 sicuramente lo squalificato Francesco Quintavalla, capitano ed uno degli ultimi reduci dello scorso campionato.<\/p>\n<p>Domani, poi, seduta pomeridiana e presentazione in piazza Sisto IV per il primo approccio con i tifosi che, ad ora, si sono mostrati alquanto freddi dopo la rivoluzione d\u2019estate.<\/p>\n<p>La societ\u00e0 spera che sia lo showman Luca Galtieri, che a partire dalle 18 intratterr\u00e0 i presenti con un breve DJ Fabietto contribuiscano a scaldare i cuori biancobl\u00f9.<\/p>\n<p>Ci saranno tutti in piazza. Dal sindaco Federico Berruti ai vertici del Savona Fbc.<\/p>\n<p>Da Giancarlo Riolfo, neo responsabile tecnico, a Roberto Pruzzo e Arturo Di Napoli. Sabato, infine, rifinitura e partenza per Ancona.<\/p>\n","protected":false},"excerpt":{"rendered":"<p>Savona. Al \u201cBacigalupo\u201d e dintorni domina il numero tre. Tre come i giorni che separano il Savona di Arturo Di Napoli dall\u2019esordio nel girone B di Lega Pro ad Ancona (ore 14,30 arbitro Pierantonio Perotti di Legnano). Tre come i giocatori che mancano all\u2019organico della prima squadra per essere completa. Almeno a sentire cosa aveva [&hellip;]<\/p>\n","protected":false},"author":8847,"featured_media":0,"comment_status":"open","ping_status":"closed","sticky":false,"template":"","format":"standard","meta":{"footnotes":""},"categories":[45296,1578,32],"tags":[56107,1669,86042,9655],"class_list":["post-271705","post","type-post","status-publish","format-standard","hentry","category-copertina","category-savona-calcio","category-sport","tag-arturo-di-napoli","tag-presentazione","tag-savona-calcio","tag-savona-fbc","post_cat_citta-savona"],"amp_validity":null,"amp_enabled":true,"_links":{"self":[{"href":"https:\/\/staging.ivg.it\/ediapi\/wp\/v2\/posts\/271705","targetHints":{"allow":["GET"]}}],"collection":[{"href":"https:\/\/staging.ivg.it\/ediapi\/wp\/v2\/posts"}],"about":[{"href":"https:\/\/staging.ivg.it\/ediapi\/wp\/v2\/types\/post"}],"author":[{"embeddable":true,"href":"https:\/\/staging.ivg.it\/ediapi\/wp\/v2\/users\/8847"}],"replies":[{"embeddable":true,"href":"https:\/\/staging.ivg.it\/ediapi\/wp\/v2\/comments?post=271705"}],"version-history":[{"count":0,"href":"https:\/\/staging.ivg.it\/ediapi\/wp\/v2\/posts\/271705\/revisions"}],"wp:attachment":[{"href":"https:\/\/staging.ivg.it\/ediapi\/wp\/v2\/media?parent=271705"}],"wp:term":[{"taxonomy":"category","embeddable":true,"href":"https:\/\/staging.ivg.it\/ediapi\/wp\/v2\/categories?post=271705"},{"taxonomy":"post_tag","embeddable":true,"href":"https:\/\/staging.ivg.it\/ediapi\/wp\/v2\/tags?post=271705"}],"curies":[{"name":"wp","href":"https:\/\/api.w.org\/{rel}","templated":true}]}}