{"id":270822,"date":"2014-08-12T18:03:24","date_gmt":"2014-08-12T16:03:24","guid":{"rendered":"http:\/\/www.ivg.it\/?p=270822"},"modified":"2014-08-13T11:43:01","modified_gmt":"2014-08-13T09:43:01","slug":"savona-coldiretti-bene-il-piano-nazionale-florovivaistico-ma-si-puo-fare-ancora-di-piu","status":"publish","type":"post","link":"https:\/\/staging.ivg.it\/2014\/08\/savona-coldiretti-bene-il-piano-nazionale-florovivaistico-ma-si-puo-fare-ancora-di-piu\/","title":{"rendered":"Coldiretti Savona: \u201cBene il piano nazionale florovivaistico ma si pu\u00f2 fare ancora di pi\u00f9\u201d"},"content":{"rendered":"<p><strong>Savona.<\/strong> \u201cL\u2019approvazione in Conferenza Stato Regioni del Piano nazionale florovivaistico per il triennio 2014 &#8211; 2016 \u00e8 una carta importante per il rilancio del settore ma occorre trovare le risorse finanziarie per dotarlo di proposte coerenti con la politica comunitaria e nazionale e aumentare la competitivit\u00e0 sul mercato\u201d. \u00c8 quanto dichiara il presidente della Coldiretti di Savona Gerolamo Calleri.<\/p>\n<p>\u201cCon un fatturato di oltre 3 miliardi di euro e centinaia di migliaia di occupati\u00a0il florovivaistico \u00e8 uno dei comparti di punta dell&#8217;agricoltura italiana &#8211; ricorda Calleri &#8211; Oltre a ci\u00f2 alimenta un fortissimo indotto: macchine, strutture, distribuzione, logistica, pubblicit\u00e0, progettazione, assistenza tecnica, manutenzione\u201d.<\/p>\n<p>Per questo motivo \u201cil piano deve tradursi quanto prima in iniziative concrete in grado di tutelare, nell\u2019attuale difficile momento di crisi, la produzione Made in Italy al 100%, dalla selezione delle variet\u00e0 alla produzione del seme fino alla coltivazione della pianta, anche puntando sull\u2019indicazione dell\u2019origine del prodotto &#8211; spiega ancora Calleri &#8211; La sua mancanza, infatti, ci espone a importazioni provenienti da Paesi che non rispettano il lavoro e impiegano per la coltivazione prodotti banditi nell\u2019Unione Europea\u201d.<\/p>\n<p>La produzione di piante in vaso della provincia di Savona rappresenta il 95% della produzione ligure e il 25% di quella nazionale. Complessivamente vengono prodotti circa 101 milioni di vasi. Tuttavia \u201cmolto ancora si pu\u00f2 fare per valorizzare la nostra produzione, in particolare quella della piana di Albenga\u201d conclude Calleri.<\/p>\n","protected":false},"excerpt":{"rendered":"<p>Savona. \u201cL\u2019approvazione in Conferenza Stato Regioni del Piano nazionale florovivaistico per il triennio 2014 &#8211; 2016 \u00e8 una carta importante per il rilancio del settore ma occorre trovare le risorse finanziarie per dotarlo di proposte coerenti con la politica comunitaria e nazionale e aumentare la competitivit\u00e0 sul mercato\u201d. \u00c8 quanto dichiara il presidente della Coldiretti [&hellip;]<\/p>\n","protected":false},"author":13744,"featured_media":0,"comment_status":"open","ping_status":"closed","sticky":false,"template":"","format":"standard","meta":{"footnotes":""},"categories":[45296,35],"tags":[27598,1501,43730,10953,19156,2943,85850],"class_list":["post-270822","post","type-post","status-publish","format-standard","hentry","category-copertina","category-economia","tag-coldiretti-savona","tag-florovivaismo","tag-gerolamo-calleri","tag-made-in-italy","tag-piana-albenga","tag-piante","tag-savona","post_cat_citta-savona"],"amp_validity":null,"amp_enabled":true,"_links":{"self":[{"href":"https:\/\/staging.ivg.it\/ediapi\/wp\/v2\/posts\/270822","targetHints":{"allow":["GET"]}}],"collection":[{"href":"https:\/\/staging.ivg.it\/ediapi\/wp\/v2\/posts"}],"about":[{"href":"https:\/\/staging.ivg.it\/ediapi\/wp\/v2\/types\/post"}],"author":[{"embeddable":true,"href":"https:\/\/staging.ivg.it\/ediapi\/wp\/v2\/users\/13744"}],"replies":[{"embeddable":true,"href":"https:\/\/staging.ivg.it\/ediapi\/wp\/v2\/comments?post=270822"}],"version-history":[{"count":0,"href":"https:\/\/staging.ivg.it\/ediapi\/wp\/v2\/posts\/270822\/revisions"}],"wp:attachment":[{"href":"https:\/\/staging.ivg.it\/ediapi\/wp\/v2\/media?parent=270822"}],"wp:term":[{"taxonomy":"category","embeddable":true,"href":"https:\/\/staging.ivg.it\/ediapi\/wp\/v2\/categories?post=270822"},{"taxonomy":"post_tag","embeddable":true,"href":"https:\/\/staging.ivg.it\/ediapi\/wp\/v2\/tags?post=270822"}],"curies":[{"name":"wp","href":"https:\/\/api.w.org\/{rel}","templated":true}]}}