{"id":270495,"date":"2014-08-07T17:11:14","date_gmt":"2014-08-07T15:11:14","guid":{"rendered":"http:\/\/www.ivg.it\/?p=270495"},"modified":"2014-08-07T17:21:23","modified_gmt":"2014-08-07T15:21:23","slug":"aism-savona-visita-settembre-da-papa-francesco","status":"publish","type":"post","link":"https:\/\/staging.ivg.it\/2014\/08\/aism-savona-visita-settembre-da-papa-francesco\/","title":{"rendered":"Aism Savona in visita a settembre da Papa Francesco"},"content":{"rendered":"<p><strong>Savona.<\/strong> Dal 16 al 20 settembre prossimi la sezione locale dell&#8217;Associazione italiana Sclerosi Multipla\u00a0si recher\u00e0 in visita da Papa Francesco. L\u2019iniziativa \u00e8 rivolta in favore delle persone affette dalla patologia e non solo e costituir\u00e0 un momento di svago, socialit\u00e0 e riflessione.<\/p>\n<p>La partenza da Savona \u00e8 prevista nella mattinata del 16 settembre. Il giorno successivo i malati e i loro accompagnatori si recheranno in udienza dal Santo Padre. Il resto del viaggio sar\u00e0 dedicato invece alla visita di Roma, accompagnati da una guida turistica.<\/p>\n","protected":false},"excerpt":{"rendered":"<p>Savona. Dal 16 al 20 settembre prossimi la sezione locale dell&#8217;Associazione italiana Sclerosi Multipla\u00a0si recher\u00e0 in visita da Papa Francesco. L\u2019iniziativa \u00e8 rivolta in favore delle persone affette dalla patologia e non solo e costituir\u00e0 un momento di svago, socialit\u00e0 e riflessione. La partenza da Savona \u00e8 prevista nella mattinata del 16 settembre. Il giorno [&hellip;]<\/p>\n","protected":false},"author":13744,"featured_media":0,"comment_status":"open","ping_status":"closed","sticky":false,"template":"","format":"standard","meta":{"footnotes":""},"categories":[45296],"tags":[2439,46163,1253,85850,2438],"class_list":["post-270495","post","type-post","status-publish","format-standard","hentry","category-copertina","tag-aism","tag-papa-francesco","tag-roma","tag-savona","tag-sclerosi-multipla","post_cat_citta-savona"],"amp_validity":null,"amp_enabled":true,"_links":{"self":[{"href":"https:\/\/staging.ivg.it\/ediapi\/wp\/v2\/posts\/270495","targetHints":{"allow":["GET"]}}],"collection":[{"href":"https:\/\/staging.ivg.it\/ediapi\/wp\/v2\/posts"}],"about":[{"href":"https:\/\/staging.ivg.it\/ediapi\/wp\/v2\/types\/post"}],"author":[{"embeddable":true,"href":"https:\/\/staging.ivg.it\/ediapi\/wp\/v2\/users\/13744"}],"replies":[{"embeddable":true,"href":"https:\/\/staging.ivg.it\/ediapi\/wp\/v2\/comments?post=270495"}],"version-history":[{"count":0,"href":"https:\/\/staging.ivg.it\/ediapi\/wp\/v2\/posts\/270495\/revisions"}],"wp:attachment":[{"href":"https:\/\/staging.ivg.it\/ediapi\/wp\/v2\/media?parent=270495"}],"wp:term":[{"taxonomy":"category","embeddable":true,"href":"https:\/\/staging.ivg.it\/ediapi\/wp\/v2\/categories?post=270495"},{"taxonomy":"post_tag","embeddable":true,"href":"https:\/\/staging.ivg.it\/ediapi\/wp\/v2\/tags?post=270495"}],"curies":[{"name":"wp","href":"https:\/\/api.w.org\/{rel}","templated":true}]}}