{"id":270419,"date":"2014-08-06T17:43:55","date_gmt":"2014-08-06T15:43:55","guid":{"rendered":"http:\/\/www.ivg.it\/?p=270419"},"modified":"2014-08-06T17:55:10","modified_gmt":"2014-08-06T15:55:10","slug":"contributi-alle-imprese-in-liguria-la-quota-piu-alta-cna-merito-delle-pmi","status":"publish","type":"post","link":"https:\/\/staging.ivg.it\/2014\/08\/contributi-alle-imprese-in-liguria-la-quota-piu-alta-cna-merito-delle-pmi\/","title":{"rendered":"Contributi alle imprese, in Liguria la quota pi\u00f9 alta. Cna: \u201cMerito delle Pmi\u201d"},"content":{"rendered":"<p><strong>Liguria.<\/strong> La nostra regione destina la percentuale pi\u00f9 alta in Italia di risorse alle misure destinate alle imprese: 38,27% per competitivit\u00e0, 20,38% per ricerca e innovazione. Sono questi i dati diffusi dalla Confederazione nazionale dell\u2019Artigianato e della Piccola e media impresa.<\/p>\n<p>\u201cIl merito \u00e8 in primo luogo delle Pmi, che hanno sempre dimostrato attenzione e capacit\u00e0 d\u2019investimento, sfruttando i contributi messi a disposizione &#8211; afferma il neosegretario regionale\u00a0Angelo Matellini &#8211; il loro peso specifico \u00e8 decisamente pi\u00f9 alto in Liguria rispetto ad altre regioni del Nord Italia ed \u00e8 questo tipo di tessuto che ha bisogno di essere sostenuto\u201d.<\/p>\n<p>\u201cInterveniamo al loro fianco &#8211; \u00e8 l\u2019invito di Matellini &#8211; su tre fattori di competitivit\u00e0: innovazione, internazionalizzazione ed espansione del mercato, costruzione di reti di aggregazione economica\u201d.<\/p>\n<p>Intanto Marco Merli, presidente ligure di Cna, fa sapere che \u201csu spinta dell\u2019assessore Guccinelli si \u00e8 arrivati a formare un Comitato di Pilotaggio, composto dalle associazioni di categorie e dalla Regione, presso Unioncamere per coadiuvare la costruzione del nuovo Programma Operativo Regionale\u201d.<\/p>\n","protected":false},"excerpt":{"rendered":"<p>Liguria. La nostra regione destina la percentuale pi\u00f9 alta in Italia di risorse alle misure destinate alle imprese: 38,27% per competitivit\u00e0, 20,38% per ricerca e innovazione. Sono questi i dati diffusi dalla Confederazione nazionale dell\u2019Artigianato e della Piccola e media impresa. \u201cIl merito \u00e8 in primo luogo delle Pmi, che hanno sempre dimostrato attenzione e [&hellip;]<\/p>\n","protected":false},"author":13744,"featured_media":0,"comment_status":"open","ping_status":"closed","sticky":false,"template":"","format":"standard","meta":{"footnotes":""},"categories":[35],"tags":[30790,15600,12199,393,28319,55199,2220],"class_list":["post-270419","post","type-post","status-publish","format-standard","hentry","category-economia","tag-cna-liguria","tag-internazionalizzazione","tag-investimenti","tag-liguria","tag-marco-merli","tag-micro-imprese","tag-renzo-guccinelli","post_cat_citta-andora"],"amp_validity":null,"amp_enabled":true,"_links":{"self":[{"href":"https:\/\/staging.ivg.it\/ediapi\/wp\/v2\/posts\/270419","targetHints":{"allow":["GET"]}}],"collection":[{"href":"https:\/\/staging.ivg.it\/ediapi\/wp\/v2\/posts"}],"about":[{"href":"https:\/\/staging.ivg.it\/ediapi\/wp\/v2\/types\/post"}],"author":[{"embeddable":true,"href":"https:\/\/staging.ivg.it\/ediapi\/wp\/v2\/users\/13744"}],"replies":[{"embeddable":true,"href":"https:\/\/staging.ivg.it\/ediapi\/wp\/v2\/comments?post=270419"}],"version-history":[{"count":0,"href":"https:\/\/staging.ivg.it\/ediapi\/wp\/v2\/posts\/270419\/revisions"}],"wp:attachment":[{"href":"https:\/\/staging.ivg.it\/ediapi\/wp\/v2\/media?parent=270419"}],"wp:term":[{"taxonomy":"category","embeddable":true,"href":"https:\/\/staging.ivg.it\/ediapi\/wp\/v2\/categories?post=270419"},{"taxonomy":"post_tag","embeddable":true,"href":"https:\/\/staging.ivg.it\/ediapi\/wp\/v2\/tags?post=270419"}],"curies":[{"name":"wp","href":"https:\/\/api.w.org\/{rel}","templated":true}]}}