{"id":270378,"date":"2014-08-06T11:28:34","date_gmt":"2014-08-06T09:28:34","guid":{"rendered":"http:\/\/www.ivg.it\/?p=270378"},"modified":"2014-08-06T11:28:34","modified_gmt":"2014-08-06T09:28:34","slug":"calcio-pallare-massimo-mignone-il-bomber-concede-il-bis","status":"publish","type":"post","link":"https:\/\/staging.ivg.it\/2014\/08\/calcio-pallare-massimo-mignone-il-bomber-concede-il-bis\/","title":{"rendered":"Calcio, Pallare: Massimo Mignone, il bomber concede il &#8220;bis&#8221;"},"content":{"rendered":"<p>Pallare. Massimo Mignone, il bomber della Val Bormida, ci ripensa: niente &#8220;scarpette bullonate&#8221; al classico chiodo&#8230; era tentato di farlo, ma appena ha visto che si stavano impolverando, ha preso la spazzola e le ha lucidate per bene&#8230; chiss\u00e0 che non ci sia occasione di vedere, anche nel prossimo campionato, qualche compagno, con la casacca bianco-blu del Pallare, mimare questa scena, dopo un suo ennesimo goal.<\/p>\n<p>&#8220;Avevo in mente di chiudere col calcio giocato, ma i risultati ottenuti dalla squadra e anche quelli personali (ndr, 15 reti messe a segno nell&#8217;ultimo campionato), mi hanno fatto recedere dalla decisione&#8230; i compagni dovranno sopportarmi ancora un anno&#8221;.<\/p>\n<p>E&#8217; un Mignone &#8220;carico&#8221;, quello che si prepara ad affrontare la 22sima stagione sui campi di calcio; l&#8217;entusiasmo sembra quello di un neofita: &#8220;Non vedo l&#8217;ora di iniziare gli allenamenti, c&#8217;\u00e8 da riscattare il finale negativo dell&#8217;ultimo torneo, che non ci ha permesso di vincere il Campionato, finito poi, a cascata, con le opache prestazioni nei play off&#8221;.<\/p>\n<p>Quindi l&#8217;obiettivo &#8216;Promozione&#8217; pu\u00f2 essere un traguardo alla portata del Pallare, quest&#8217;anno?<br \/>\n&#8220;Squadre come il Pietra Ligure, il Celle e le imperiesi Camporosso e San Stevese, sono molto attrezzate, ma noi saremo l\u00ec&#8230; pronti a sfruttare un&#8217;eventuale favorevole occasione. Partiamo senza una meta precisa, cercando di diventare la mina vagante del campionato, su cui far &#8216;brillare&#8217; (nel senso di saltare in aria) le favorite dai pronostici&#8221;.<\/p>\n<p>Il ds, nonch\u00e9 factotum, Mauro Isnardi, ha lavorato bene questa estate: &#8220;Si &#8211; puntualizza decisamente Mignone -, gli arrivi di Buscaglia e Torrengo (entrambi dal Bardineto), sono stati due autentici &#8216;colpacci&#8217; di mercato, come ottimi risulteranno gli innesti di Saviozzi (dalla Cairese) e dell&#8217;esperto Piccardi (ex Cairese, Carcarese, Bragno). Senza contare che, dopo un brutto infortunio al ginocchio, riprender\u00e0 a giocare Caviglia&#8221;.<\/p>\n<p>Mister Bagnasco ti ha ritagliato un ruolo &#8216;ad hoc&#8217;. Per i tifosi meno giovani, si potrebbe dire alla Jos\u00e8 Altafini, il centravanti italo brasiliano della Juventus, che nel quadriennio dal &#8217;72 al &#8217;76, tolse tante castagne dal fuoco agli allenatori bianco-neri, entrando in campo a pochi minuti dalle fine: &#8220;Si, \u00e8 vero&#8230; spesso entro a gara in corso, riuscendo a dare il meglio, anche in un breve lasso di tempo&#8230; forse questo impiego si addice alla mia non pi\u00f9 verde et\u00e0&#8230; ma quello degli anni \u00e8 l&#8217;unico parallelo possibile con uno che ha vinto un mondiale a vent&#8217;anni con il Brasile (nel &#8217;58 in Svezia) e poi ha vestito anche la maglia azzurra (ai Mondiali in Cile del 1962). Comunque, se vogliamo scherzare, grazie per il complimento: lo racconter\u00f2 ai nipotini!&#8221;<\/p>\n<p>Come obiettivo personale pensi di poter arrivare ancora in doppia cifra?<br \/>\n&#8220;Certamente, altrimenti cosa gioco a fare ? \u2013 scherza, ma non troppo Mignone -, da noi si dice &#8216;chi sa, sa&#8217; e superare quota 10 reti, penso sia un obiettivo alla mia portata. Questo, tra l&#8217;altro, consentirebbe al Pallare di posizionarsi nella zona di classifica che conta&#8221;.<\/p>\n<p>Non ritroverei pi\u00f9 al tuo fianco Gian Luca Bernasconi:<br \/>\n&#8220;Purtroppo il &#8216;Berna&#8217;, a differenza di me, ha deciso di smettere&#8230; \u00e8 un pezzo di vita che si stacca. Calcisticamente parlando, siamo stati 12 anni assieme (Dego, Altarese, Sassello, oltre al Pallare), uniti da grande amicizia, tanto che ho fatto da padrino a sua figlia. Colgo l&#8217;occasione per salutarlo e ricordare i momenti di sport, vissuti correndo dietro alla stessa palla&#8221;.<\/p>\n<p>Ecco, tra i pregi del bomber bianco-blu c&#8217;\u00e8 lo spessore dell&#8217;uomo.<\/p>\n","protected":false},"excerpt":{"rendered":"<p>Pallare. Massimo Mignone, il bomber della Val Bormida, ci ripensa: niente &#8220;scarpette bullonate&#8221; al classico chiodo&#8230; era tentato di farlo, ma appena ha visto che si stavano impolverando, ha preso la spazzola e le ha lucidate per bene&#8230; chiss\u00e0 che non ci sia occasione di vedere, anche nel prossimo campionato, qualche compagno, con la casacca [&hellip;]<\/p>\n","protected":false},"author":11482,"featured_media":0,"comment_status":"open","ping_status":"closed","sticky":false,"template":"","format":"standard","meta":{"footnotes":""},"categories":[45296,182,32],"tags":[85989,37968,85937,719],"class_list":["post-270378","post","type-post","status-publish","format-standard","hentry","category-copertina","category-calcio","category-sport","tag-calcio","tag-massimo-mignone","tag-pallare","tag-prima-categoria","post_cat_citta-pallare"],"amp_validity":null,"amp_enabled":true,"_links":{"self":[{"href":"https:\/\/staging.ivg.it\/ediapi\/wp\/v2\/posts\/270378","targetHints":{"allow":["GET"]}}],"collection":[{"href":"https:\/\/staging.ivg.it\/ediapi\/wp\/v2\/posts"}],"about":[{"href":"https:\/\/staging.ivg.it\/ediapi\/wp\/v2\/types\/post"}],"author":[{"embeddable":true,"href":"https:\/\/staging.ivg.it\/ediapi\/wp\/v2\/users\/11482"}],"replies":[{"embeddable":true,"href":"https:\/\/staging.ivg.it\/ediapi\/wp\/v2\/comments?post=270378"}],"version-history":[{"count":0,"href":"https:\/\/staging.ivg.it\/ediapi\/wp\/v2\/posts\/270378\/revisions"}],"wp:attachment":[{"href":"https:\/\/staging.ivg.it\/ediapi\/wp\/v2\/media?parent=270378"}],"wp:term":[{"taxonomy":"category","embeddable":true,"href":"https:\/\/staging.ivg.it\/ediapi\/wp\/v2\/categories?post=270378"},{"taxonomy":"post_tag","embeddable":true,"href":"https:\/\/staging.ivg.it\/ediapi\/wp\/v2\/tags?post=270378"}],"curies":[{"name":"wp","href":"https:\/\/api.w.org\/{rel}","templated":true}]}}