{"id":269936,"date":"2014-07-31T10:57:16","date_gmt":"2014-07-31T08:57:16","guid":{"rendered":"http:\/\/www.ivg.it\/?p=269936"},"modified":"2014-08-01T09:24:07","modified_gmt":"2014-08-01T07:24:07","slug":"misterioso-oggetto-filmato-un-anno-fa-nei-cieli-di-savona-secondo-gli-esperti-e-un-ufo","status":"publish","type":"post","link":"https:\/\/staging.ivg.it\/2014\/07\/misterioso-oggetto-filmato-un-anno-fa-nei-cieli-di-savona-secondo-gli-esperti-e-un-ufo\/","title":{"rendered":"Misterioso oggetto filmato un anno fa nei cieli di Savona: secondo gli esperti \u00e8 un ufo"},"content":{"rendered":"<p><strong>Savona<\/strong>. Ufo avvistato nel cielo di Savona. L&#8217;episodio non \u00e8 recentissime perch\u00e9 al 6 agosto scorso, ma soltanto ieri \u00e8 stato riconosciuto ufficialmente come un probabile avvistamento di un oggetto volante non identificato dagli esperti del C.UFO.M., ovvero il Centro Ufologico Mediterraneo.<\/p>\n<p>Lo strano incontro \u00e8 avvenuto appunto il 6 agosto di un anno fa quando, due amici, di ritorno a casa hanno avvistato dal portone di casa &#8220;un oggetto volante non identificato che si muoveva sulla verticale di una palazzina ad una discreta quota, ma tuttavia ben visibile e di un colore tra il bianco, rosa e giallino&#8221;.<\/p>\n<p>&#8220;Era completamente silenzioso e con movimento regolare anche se nel video, forse anche per effetto dell&#8217;inevitabile movimento del braccio dell&#8217;operatore, l&#8217;oggetto denota un moto non proprio regolare. La donna vedeva per prima l&#8217;ovni e quindi sopraggiungeva anche l&#8217;altra persona, riuscendo a seguire il fenomeno un paio di minuti prima che l&#8217;ufo sparisse coperto nel suo percorso da un edificio. La rotta seguita era dai monti in direzione Genova, riscontrata anche in altri avvistamenti nella zona&#8221; spiega il presidente del C.UFO.M. Angelo Carannante.<\/p>\n<p>L&#8217;avvistamento ed il relativo materiale che lo documentava \u00e8 stato inviato al Centro Ufologico Mediterraneo che, nei mesi scorsi, ha svolto le dovute indagini per poi mettere nero su bianco le conclusioni a cui si \u00e8 arrivati: &#8220;tra le ipotesi convenzionali annoveriamo palloni meteorologici, lanterne cinesi tanto per citarne qualcuna, ma l&#8217;ipotesi ufo \u00e8 importante. A nostro avviso si tratta di un oggetto volante non identificato. Intendiamoci, come sempre sosteniamo, non diciamo che \u00e8 una navicella aliena, ma di un oggetto di natura sconosciuta&#8221;.<\/p>\n","protected":false},"excerpt":{"rendered":"<p>Savona. Ufo avvistato nel cielo di Savona. L&#8217;episodio non \u00e8 recentissime perch\u00e9 al 6 agosto scorso, ma soltanto ieri \u00e8 stato riconosciuto ufficialmente come un probabile avvistamento di un oggetto volante non identificato dagli esperti del C.UFO.M., ovvero il Centro Ufologico Mediterraneo. Lo strano incontro \u00e8 avvenuto appunto il 6 agosto di un anno fa [&hellip;]<\/p>\n","protected":false},"author":13744,"featured_media":0,"comment_status":"open","ping_status":"closed","sticky":false,"template":"","format":"standard","meta":{"footnotes":""},"categories":[45296,34],"tags":[85850,19716],"class_list":["post-269936","post","type-post","status-publish","format-standard","hentry","category-copertina","category-cronaca","tag-savona","tag-ufo","post_cat_citta-savona"],"amp_validity":null,"amp_enabled":true,"_links":{"self":[{"href":"https:\/\/staging.ivg.it\/ediapi\/wp\/v2\/posts\/269936","targetHints":{"allow":["GET"]}}],"collection":[{"href":"https:\/\/staging.ivg.it\/ediapi\/wp\/v2\/posts"}],"about":[{"href":"https:\/\/staging.ivg.it\/ediapi\/wp\/v2\/types\/post"}],"author":[{"embeddable":true,"href":"https:\/\/staging.ivg.it\/ediapi\/wp\/v2\/users\/13744"}],"replies":[{"embeddable":true,"href":"https:\/\/staging.ivg.it\/ediapi\/wp\/v2\/comments?post=269936"}],"version-history":[{"count":0,"href":"https:\/\/staging.ivg.it\/ediapi\/wp\/v2\/posts\/269936\/revisions"}],"wp:attachment":[{"href":"https:\/\/staging.ivg.it\/ediapi\/wp\/v2\/media?parent=269936"}],"wp:term":[{"taxonomy":"category","embeddable":true,"href":"https:\/\/staging.ivg.it\/ediapi\/wp\/v2\/categories?post=269936"},{"taxonomy":"post_tag","embeddable":true,"href":"https:\/\/staging.ivg.it\/ediapi\/wp\/v2\/tags?post=269936"}],"curies":[{"name":"wp","href":"https:\/\/api.w.org\/{rel}","templated":true}]}}