{"id":269935,"date":"2014-07-31T10:41:56","date_gmt":"2014-07-31T08:41:56","guid":{"rendered":"http:\/\/www.ivg.it\/?p=269935"},"modified":"2014-07-31T15:52:35","modified_gmt":"2014-07-31T13:52:35","slug":"accorpamento-camere-di-commercio-pasquale-attacca-si-mette-discussione-un-sistema-che-funziona","status":"publish","type":"post","link":"https:\/\/staging.ivg.it\/2014\/07\/accorpamento-camere-di-commercio-pasquale-attacca-si-mette-discussione-un-sistema-che-funziona\/","title":{"rendered":"Accorpamento Camere di Commercio, Pasquale attacca: &#8220;Si mette in discussione un sistema che funziona&#8221;"},"content":{"rendered":"<p><strong>Savona.<\/strong> Una Camera di Commercio metropolitana ed una delle Riviere, da quattro sedi operative a due soltanto. E\u2019 quanto si prevede per la Liguria il disegno di legge sul riordino degli enti camerali. \u201cAccentreremo molto i servizi in moda da recuperare efficienza ed avere risorse da distribuire alle economie locali. E cercheremo di salvaguardare i principi della precedente riforma che di fatto aveva realizzato un federalismo camerale compiuto, che valorizza i territori: i soldi delle imprese di un determinato territorio vengono spesi per quel determinato territorio\u2026 <\/p>\n<p>&#8220;E&#8217; chiaro che il testo di riforma in discussione ora per noi non \u00e8 una buona legge e pu\u00f2 creare un danno al tessuto produttivo delle realt\u00e0 locali. Alle imprese viene ridotto l\u2019onere del diritto annuale che versano obbligatoriamente alla Camera di Commercio e inoltre lo Stato dovr\u00e0 mettere dei soldi (170 mln di euro) per sostenere la riforma, in quanto cos\u00ec com&#8217;\u00e8 resta impossibile stare in piedi solo con l\u2019autofinanziamento. Insomma, si sta mettendo in discussione una riforma che funzionava e che dava ai territori provinciali la possibilit\u00e0 a ciascuno di sviluppare la propria competitivit\u00e0\u201d conclude Pasquale.<\/p>\n","protected":false},"excerpt":{"rendered":"<p>Savona. Una Camera di Commercio metropolitana ed una delle Riviere, da quattro sedi operative a due soltanto. E\u2019 quanto si prevede per la Liguria il disegno di legge sul riordino degli enti camerali. \u201cAccentreremo molto i servizi in moda da recuperare efficienza ed avere risorse da distribuire alle economie locali. E cercheremo di salvaguardare i [&hellip;]<\/p>\n","protected":false},"author":13744,"featured_media":0,"comment_status":"open","ping_status":"closed","sticky":false,"template":"","format":"standard","meta":{"footnotes":""},"categories":[45296,35],"tags":[174,85850],"class_list":["post-269935","post","type-post","status-publish","format-standard","hentry","category-copertina","category-economia","tag-camera-commercio","tag-savona","post_cat_citta-andora","post_cat_citta-savona"],"amp_validity":null,"amp_enabled":true,"_links":{"self":[{"href":"https:\/\/staging.ivg.it\/ediapi\/wp\/v2\/posts\/269935","targetHints":{"allow":["GET"]}}],"collection":[{"href":"https:\/\/staging.ivg.it\/ediapi\/wp\/v2\/posts"}],"about":[{"href":"https:\/\/staging.ivg.it\/ediapi\/wp\/v2\/types\/post"}],"author":[{"embeddable":true,"href":"https:\/\/staging.ivg.it\/ediapi\/wp\/v2\/users\/13744"}],"replies":[{"embeddable":true,"href":"https:\/\/staging.ivg.it\/ediapi\/wp\/v2\/comments?post=269935"}],"version-history":[{"count":0,"href":"https:\/\/staging.ivg.it\/ediapi\/wp\/v2\/posts\/269935\/revisions"}],"wp:attachment":[{"href":"https:\/\/staging.ivg.it\/ediapi\/wp\/v2\/media?parent=269935"}],"wp:term":[{"taxonomy":"category","embeddable":true,"href":"https:\/\/staging.ivg.it\/ediapi\/wp\/v2\/categories?post=269935"},{"taxonomy":"post_tag","embeddable":true,"href":"https:\/\/staging.ivg.it\/ediapi\/wp\/v2\/tags?post=269935"}],"curies":[{"name":"wp","href":"https:\/\/api.w.org\/{rel}","templated":true}]}}