{"id":269624,"date":"2014-07-27T15:13:26","date_gmt":"2014-07-27T13:13:26","guid":{"rendered":"http:\/\/www.ivg.it\/?p=269624"},"modified":"2014-07-28T11:03:44","modified_gmt":"2014-07-28T09:03:44","slug":"arturo-vidal-vacanza-ad-alassio-unindiscrezione-lascia-pensare-che-restera-alla-juventus","status":"publish","type":"post","link":"https:\/\/staging.ivg.it\/2014\/07\/arturo-vidal-vacanza-ad-alassio-unindiscrezione-lascia-pensare-che-restera-alla-juventus\/","title":{"rendered":"Arturo Vidal in vacanza ad Alassio: un&#8217;indiscrezione lascia pensare che rester\u00e0 alla Juventus"},"content":{"rendered":"<p><strong>Alassio<\/strong>. L&#8217;aveva detto appena sbarcato all&#8217;aeroporto di Torino Caselle nei giorni scorsi: &#8220;Adesso sono ancora in vacanza, e me ne vado tre giorni ad Alassio, poi parleremo del mio futuro alla Juve&#8221;.<\/p>\n<p>Arturo Vidal \u00e8 effettivamente arrivato in Riviera per godersi gli ultimi giorni di ferie dopo le fatiche mondiali e ieri si \u00e8 anche concesso una serata in discoteca alla Suerte di Laigueglia. Che i giocatori juventini, attuali ed ex, abbiano un feeling particolare con le nostre spiagge \u00e8 cosa nota: Marchisio, Caceres, Quagliarella sono stati visti parecchie volte sui lidi savonesi, Carrera ha una casa ad Andora e Antonio Conte \u00e8 spesso a Bergeggi. Adesso anche Vidal si \u00e8 aggiunto alla lista dei bianconeri che scelgono il Savonese per trascorrere qualche ora di relax.<\/p>\n<p>La settimana prossima sar\u00e0 decisiva per conoscere il futuro di &#8220;Re Art\u00f9&#8221; come lo chiamano i tifosi della Juventus. Il cileno \u00e8 uno dei pezzi pregiati del centrocampo della squadra torinese e obiettivo di mercato dei principali Top Club europei pronti a sborsare anche 50 milioni di euro per tesserare uno dei giocatori pi\u00f9 forti al mondo nel suo ruolo.<\/p>\n<p>Una dichiarazione del calciatore, anzi una richiesta, per\u00f2 potrebbe portare il sorriso dei tifosi bianconeri: secondo indiscrezioni Vidal avrebbe richiesto agli organizzatori del Festival Take Off, in programma all&#8217;aeroporto Panero di Villanova D&#8217;Albenga il 7 agosto, di riservargli un tavolo. Se cos\u00ec fosse potrebbe significare che il cileno continuer\u00e0 a vestire la maglia dei campioni d&#8217;Italia anche la prossima stagione.<\/p>\n","protected":false},"excerpt":{"rendered":"<p>Alassio. L&#8217;aveva detto appena sbarcato all&#8217;aeroporto di Torino Caselle nei giorni scorsi: &#8220;Adesso sono ancora in vacanza, e me ne vado tre giorni ad Alassio, poi parleremo del mio futuro alla Juve&#8221;. Arturo Vidal \u00e8 effettivamente arrivato in Riviera per godersi gli ultimi giorni di ferie dopo le fatiche mondiali e ieri si \u00e8 anche [&hellip;]<\/p>\n","protected":false},"author":13744,"featured_media":0,"comment_status":"open","ping_status":"closed","sticky":false,"template":"","format":"standard","meta":{"footnotes":""},"categories":[45296,182,34,32],"tags":[7052,32397],"class_list":["post-269624","post","type-post","status-publish","format-standard","hentry","category-copertina","category-calcio","category-cronaca","category-sport","tag-juventus","tag-suerte","post_cat_citta-alassio"],"amp_validity":null,"amp_enabled":true,"_links":{"self":[{"href":"https:\/\/staging.ivg.it\/ediapi\/wp\/v2\/posts\/269624","targetHints":{"allow":["GET"]}}],"collection":[{"href":"https:\/\/staging.ivg.it\/ediapi\/wp\/v2\/posts"}],"about":[{"href":"https:\/\/staging.ivg.it\/ediapi\/wp\/v2\/types\/post"}],"author":[{"embeddable":true,"href":"https:\/\/staging.ivg.it\/ediapi\/wp\/v2\/users\/13744"}],"replies":[{"embeddable":true,"href":"https:\/\/staging.ivg.it\/ediapi\/wp\/v2\/comments?post=269624"}],"version-history":[{"count":0,"href":"https:\/\/staging.ivg.it\/ediapi\/wp\/v2\/posts\/269624\/revisions"}],"wp:attachment":[{"href":"https:\/\/staging.ivg.it\/ediapi\/wp\/v2\/media?parent=269624"}],"wp:term":[{"taxonomy":"category","embeddable":true,"href":"https:\/\/staging.ivg.it\/ediapi\/wp\/v2\/categories?post=269624"},{"taxonomy":"post_tag","embeddable":true,"href":"https:\/\/staging.ivg.it\/ediapi\/wp\/v2\/tags?post=269624"}],"curies":[{"name":"wp","href":"https:\/\/api.w.org\/{rel}","templated":true}]}}