{"id":269522,"date":"2014-07-25T13:18:30","date_gmt":"2014-07-25T11:18:30","guid":{"rendered":"http:\/\/www.ivg.it\/?p=269522"},"modified":"2014-07-25T15:53:22","modified_gmt":"2014-07-25T13:53:22","slug":"protesta-forze-dellordine-la-lega-soldi-per-clandestini-e-non-per-poliziotti","status":"publish","type":"post","link":"https:\/\/staging.ivg.it\/2014\/07\/protesta-forze-dellordine-la-lega-soldi-per-clandestini-e-non-per-poliziotti\/","title":{"rendered":"Protesta Forze dell&#8217;Ordine, la Lega: &#8220;I soldi per i clandestini si trovano, ma per i poliziotti no&#8230;!&#8221;"},"content":{"rendered":"<p>La Lega Nord <strong>Liguria <\/strong>si schiera a fianco delle forze dell&#8217;ordine che negli ultimi giorni anche in Liguria stanno protestando contro i tagli imposti dal Governo al comparto sicurezza e contro l&#8217;\u201cuso\u201c dei poliziotti per la gestione dell&#8217;emergenza immigrazione.<\/p>\n<p>Il segretario ligure Sonia Viale sostiene i motivi della protesta delle forze dell&#8217;ordine che in queste ore cresce anche in Liguria . \u201cSe questo Stato riesce a trovare da  gennaio ad agosto 60 milioni di euro, circa 9,3 milioni di euro al mese, per far arrivare in massa e mantenere a 45 euro al giorno migliaia di clandestini, \u00e8 normale che monti una protesta tra gli operatori. Non si pu\u00f2 accettare che gli agenti siano mandati a svolgere servizi straordinari di vigilanza e trasferimento di presunti profughi senza protezioni adeguate dal punto di vista sanitario e senza riconoscimenti economici. Anzi, si prospettano ulteriori tagli al comparto sicurezza, blocco degli aumenti e la chiusura progressiva dei presidi sul territorio\u201d. <\/p>\n<p>\u201cAvendo avuto responsabilit\u00e0 di Governo la Lega sa bene che le risorse sono limitate, ma la responsabilit\u00e0 politica dell&#8217;attuale Governo consiste nella gestione colabrodo dell&#8217;emergenza immigrazione, inutilmente costosa anche perch\u00e9 non serve neppure ad azzerare le morti in mare, e nel non utilizzare appieno gli strumenti che l&#8217;allora Ministro Maroni aveva creato: il Fondo Unico Giustizia. Tale fondo, alimentato con i soldi sequestrati e confiscati alla mafia deve essere utilizzato proprio a favore del comparto sicurezza; ammonta a centinaia di milioni di euro ma risulta in gran parte inutilizzato ed abbandonato nella palude della burocrazia\u201d. <\/p>\n<p>\u201cOggi finalmente abbiamo conosciuto il dato della presenza degli immigrati clandestini in Liguria, oltre mille, ma il piano del Ministro Alfano che si abbatter\u00e0 su ogni regione e comune prevede un&#8217;espansione dell&#8217;accoglienza imposta dalle Prefetture. Invece di scaricare sui sindaci che gi\u00e0 oggi faticosamente affrontano il peso del disagio sociale dei cittadini sempre pi\u00f9 a rischio povert\u00e0, Renzi, Alfano e Pinotti inizino a far ospitare i presunti profughi, che rifiutano addirittura di farsi identificare, nelle lussuose Prefetture o a casa dei benpensanti di sinistra\u201d.<\/p>\n","protected":false},"excerpt":{"rendered":"<p>La Lega Nord Liguria si schiera a fianco delle forze dell&#8217;ordine che negli ultimi giorni anche in Liguria stanno protestando contro i tagli imposti dal Governo al comparto sicurezza e contro l&#8217;\u201cuso\u201c dei poliziotti per la gestione dell&#8217;emergenza immigrazione. Il segretario ligure Sonia Viale sostiene i motivi della protesta delle forze dell&#8217;ordine che in queste [&hellip;]<\/p>\n","protected":false},"author":13744,"featured_media":0,"comment_status":"open","ping_status":"closed","sticky":false,"template":"","format":"standard","meta":{"footnotes":""},"categories":[45296],"tags":[630,183,20239],"class_list":["post-269522","post","type-post","status-publish","format-standard","hentry","category-copertina","tag-lega-nord","tag-sicurezza","tag-sonia-viale","post_cat_citta-andora","post_cat_citta-savona"],"amp_validity":null,"amp_enabled":true,"_links":{"self":[{"href":"https:\/\/staging.ivg.it\/ediapi\/wp\/v2\/posts\/269522","targetHints":{"allow":["GET"]}}],"collection":[{"href":"https:\/\/staging.ivg.it\/ediapi\/wp\/v2\/posts"}],"about":[{"href":"https:\/\/staging.ivg.it\/ediapi\/wp\/v2\/types\/post"}],"author":[{"embeddable":true,"href":"https:\/\/staging.ivg.it\/ediapi\/wp\/v2\/users\/13744"}],"replies":[{"embeddable":true,"href":"https:\/\/staging.ivg.it\/ediapi\/wp\/v2\/comments?post=269522"}],"version-history":[{"count":0,"href":"https:\/\/staging.ivg.it\/ediapi\/wp\/v2\/posts\/269522\/revisions"}],"wp:attachment":[{"href":"https:\/\/staging.ivg.it\/ediapi\/wp\/v2\/media?parent=269522"}],"wp:term":[{"taxonomy":"category","embeddable":true,"href":"https:\/\/staging.ivg.it\/ediapi\/wp\/v2\/categories?post=269522"},{"taxonomy":"post_tag","embeddable":true,"href":"https:\/\/staging.ivg.it\/ediapi\/wp\/v2\/tags?post=269522"}],"curies":[{"name":"wp","href":"https:\/\/api.w.org\/{rel}","templated":true}]}}