{"id":269521,"date":"2014-07-25T13:11:56","date_gmt":"2014-07-25T11:11:56","guid":{"rendered":"http:\/\/www.ivg.it\/?p=269521"},"modified":"2014-07-25T16:56:54","modified_gmt":"2014-07-25T14:56:54","slug":"tirreno-power-veirana-cgil-lazienda-mantiene-gli-impegni-ma-servono-tempi-certi","status":"publish","type":"post","link":"https:\/\/staging.ivg.it\/2014\/07\/tirreno-power-veirana-cgil-lazienda-mantiene-gli-impegni-ma-servono-tempi-certi\/","title":{"rendered":"Tirreno Power, Veirana (Cgil): &#8220;L&#8217;azienda mantiene gli impegni, ma servono tempi certi&#8221;"},"content":{"rendered":"<p><strong>Savona.<\/strong> \u201cSiamo soddisfatti, l\u2019azienda ed il direttore Salvi sono venuti sul territorio ed hanno chiarito che le ipotesi di chiusura non esistono, il piano aziendale \u00e8 quello illustrato nell&#8217;incontro interministeriale, con la volont\u00e0 di mantenere il sito di Vado e lavorare per la sua ambientalizzazione. E finalmente si \u00e8 ristabilito un contatto diretto nel quale sono stati affrontati e le prospettive\u201d. Cos\u00ec il segretario provinciale della Cgil Fulvia Veirana commenta l\u2019esito del vertice su Tirreno Power che si \u00e8 svolto all\u2019Unione Industriali di Savona.<\/p>\n<p>\u201cOggi la situazione \u00e8 difficile per i lavoratori che devono ancora percepire i primi soldi della cassa: a questo punto \u00e8 fondamentale che ci sia una spinta di azienda e istituzioni per il rispetto dei tempi. L\u2019azienda ha parlato di un percorso disgiunto rispetto alla vicenda giudiziaria: con la nuova AIA saranno previsti diversi interventi e quel punto sar\u00e0 anche il Ministero dell\u2019Ambiente a doversi confrontare con la stessa autorit\u00e0 giudiziaria sul fronte del sequestro del sito produttivo per vedere se gli interventi potranno essere realizzati\u201d conclude il segretario Cgil.<\/p>\n","protected":false},"excerpt":{"rendered":"<p>Savona. \u201cSiamo soddisfatti, l\u2019azienda ed il direttore Salvi sono venuti sul territorio ed hanno chiarito che le ipotesi di chiusura non esistono, il piano aziendale \u00e8 quello illustrato nell&#8217;incontro interministeriale, con la volont\u00e0 di mantenere il sito di Vado e lavorare per la sua ambientalizzazione. E finalmente si \u00e8 ristabilito un contatto diretto nel quale [&hellip;]<\/p>\n","protected":false},"author":4,"featured_media":0,"comment_status":"open","ping_status":"closed","sticky":false,"template":"","format":"standard","meta":{"footnotes":""},"categories":[45296],"tags":[26467,507,5314,52463,3931,261],"class_list":["post-269521","post","type-post","status-publish","format-standard","hentry","category-copertina","tag-centrale-a-carbone","tag-cgil","tag-fulvia-veirana","tag-sequestro-tirreno-power","tag-tirreno-power","tag-vado","post_cat_citta-andora","post_cat_citta-savona"],"amp_validity":null,"amp_enabled":true,"_links":{"self":[{"href":"https:\/\/staging.ivg.it\/ediapi\/wp\/v2\/posts\/269521","targetHints":{"allow":["GET"]}}],"collection":[{"href":"https:\/\/staging.ivg.it\/ediapi\/wp\/v2\/posts"}],"about":[{"href":"https:\/\/staging.ivg.it\/ediapi\/wp\/v2\/types\/post"}],"author":[{"embeddable":true,"href":"https:\/\/staging.ivg.it\/ediapi\/wp\/v2\/users\/4"}],"replies":[{"embeddable":true,"href":"https:\/\/staging.ivg.it\/ediapi\/wp\/v2\/comments?post=269521"}],"version-history":[{"count":0,"href":"https:\/\/staging.ivg.it\/ediapi\/wp\/v2\/posts\/269521\/revisions"}],"wp:attachment":[{"href":"https:\/\/staging.ivg.it\/ediapi\/wp\/v2\/media?parent=269521"}],"wp:term":[{"taxonomy":"category","embeddable":true,"href":"https:\/\/staging.ivg.it\/ediapi\/wp\/v2\/categories?post=269521"},{"taxonomy":"post_tag","embeddable":true,"href":"https:\/\/staging.ivg.it\/ediapi\/wp\/v2\/tags?post=269521"}],"curies":[{"name":"wp","href":"https:\/\/api.w.org\/{rel}","templated":true}]}}