{"id":269468,"date":"2014-07-25T07:39:44","date_gmt":"2014-07-25T05:39:44","guid":{"rendered":"http:\/\/www.ivg.it\/?p=269468"},"modified":"2014-07-25T13:32:36","modified_gmt":"2014-07-25T11:32:36","slug":"ci-siamo-rotti-le-palle-day-gli-autonomi-di-polizia-protestano-contro-tagli-imposti-dal-governo","status":"publish","type":"post","link":"https:\/\/staging.ivg.it\/2014\/07\/ci-siamo-rotti-le-palle-day-gli-autonomi-di-polizia-protestano-contro-tagli-imposti-dal-governo\/","title":{"rendered":"&#8220;Ci siamo rotti le palle day&#8221;: gli Autonomi di Polizia protestano contro i tagli imposti dal Governo"},"content":{"rendered":"<p><strong>Savona<\/strong>. Oggi, venerd\u00ec 25 luglio, dalle ore 10 alle 12, gli Autonomi di Polizia effettueranno un volantinaggio davanti alla Prefettura di Savona in segno di protesta contro i tagli imposti dal Governo all&#8217;intero Comparto Sicurezza.<\/p>\n<p>Alcuni attivisti del sindacato spiegheranno le ragioni della protesta, chiamata con un eloquente &#8220;Ci siamo rotti le palle day&#8221;.<\/p>\n<p>&#8220;La musica si ripete &#8211; dicono gli esponenti dell&#8217;Adp -: il comparto sicurezza, gi\u00e0 ampiamente bistrattato, continua a essere bersaglio di una politica sorda alle esigenze delle forze dell\u2019ordine. L\u2019ultimo contratto di lavoro risale, com\u2019\u00e8 noto, a ben cinque anni fa, avendo il governo Monti imposto per tre anni il blocco di qualsiasi aumento automatico&#8221;.<\/p>\n<p>&#8220;La spending review &#8211; proseguono &#8211; fa chiudere uffici di polizia e assottigliare le aspettative dei cittadini dinanzi ad esigenze di sicurezza sempre pi\u00f9 accresciute, nonch\u00e9 sobbarcare gli operatori a fare anche i pendolari. Come se ci\u00f2 non bastasse, il governo Renzi e il ministro dell\u2019Interno Alfano hanno assunto posizioni ulteriormente penalizzanti, tant\u2019\u00e8 che si annuncia il blocco degli aumenti ancora per altri anni&#8221;.<\/p>\n<p>&#8220;Mentre si continua a spendere l\u2019astronomica cifra di oltre trecentomila euro al giorno per l\u2019operazione Mare Nostrum &#8211; affermano -, il governo ha pensato anche di attingere ai fondi del comparto sicurezza gi\u00e0 destinati alla progressione in carriera del personale, per dar vita a una sorta di elemosina nazionale, i famosi ottanta euro preelettorali destinati a una fascia di impiegati. Lo sforzo del governo di aiutare chi ha bisogno \u00e8 apprezzabile, ma \u00e8 scandaloso che lo si faccia a discapito di chi ancora una volta si vede negati diritti gi\u00e0 maturati&#8221;.<\/p>\n<p>&#8220;Anche i poliziotti &#8211; spiegano i portavoce dell&#8217;Adp &#8211; cercano di comprare casa, pagano mutuo od affitto, mandano i figli a scuola e sono per di pi\u00f9 soggetti a rigide norme di comportamento che li espongono a sanzioni disciplinari per aver contratto debiti senza poterli poi onorare&#8221;.<\/p>\n<p>&#8220;Rivendicando il rispetto delle regole e degli accordi &#8211; sottolineano -, un rapporto Stato-dipendenti non unilaterale, con lo stravolgimento sistematico di tutte le regole a vantaggio di una sola parte, &#8216;Ci siamo rotte le palle day&#8217; vuole essere per noi un momento di manifestazione per tentare di scuotere le coscienze dei politici, molti dei quali in lungo e in largo hanno saccheggiato l\u2019Italia&#8221;.<\/p>\n<p>&#8220;Proclamando lo stato di agitazione, manifesteremo perci\u00f2 pacificamente davanti alle sedi delle Prefetture, per far capire come sia fondamentale, necessario, indispensabile mantenere sana ed integra quella parte di lavoratori che &#8211; concludono -, col proprio sacrificio, producono benefici in termini di sicurezza per tutti i cittadini&#8221;.<\/p>\n","protected":false},"excerpt":{"rendered":"<p>Savona. Oggi, venerd\u00ec 25 luglio, dalle ore 10 alle 12, gli Autonomi di Polizia effettueranno un volantinaggio davanti alla Prefettura di Savona in segno di protesta contro i tagli imposti dal Governo all&#8217;intero Comparto Sicurezza. Alcuni attivisti del sindacato spiegheranno le ragioni della protesta, chiamata con un eloquente &#8220;Ci siamo rotti le palle day&#8221;. &#8220;La [&hellip;]<\/p>\n","protected":false},"author":13744,"featured_media":0,"comment_status":"open","ping_status":"closed","sticky":false,"template":"","format":"standard","meta":{"footnotes":""},"categories":[45296,35],"tags":[748,1466],"class_list":["post-269468","post","type-post","status-publish","format-standard","hentry","category-copertina","category-economia","tag-polizia","tag-tagli","post_cat_citta-andora","post_cat_citta-savona"],"amp_validity":null,"amp_enabled":true,"_links":{"self":[{"href":"https:\/\/staging.ivg.it\/ediapi\/wp\/v2\/posts\/269468","targetHints":{"allow":["GET"]}}],"collection":[{"href":"https:\/\/staging.ivg.it\/ediapi\/wp\/v2\/posts"}],"about":[{"href":"https:\/\/staging.ivg.it\/ediapi\/wp\/v2\/types\/post"}],"author":[{"embeddable":true,"href":"https:\/\/staging.ivg.it\/ediapi\/wp\/v2\/users\/13744"}],"replies":[{"embeddable":true,"href":"https:\/\/staging.ivg.it\/ediapi\/wp\/v2\/comments?post=269468"}],"version-history":[{"count":0,"href":"https:\/\/staging.ivg.it\/ediapi\/wp\/v2\/posts\/269468\/revisions"}],"wp:attachment":[{"href":"https:\/\/staging.ivg.it\/ediapi\/wp\/v2\/media?parent=269468"}],"wp:term":[{"taxonomy":"category","embeddable":true,"href":"https:\/\/staging.ivg.it\/ediapi\/wp\/v2\/categories?post=269468"},{"taxonomy":"post_tag","embeddable":true,"href":"https:\/\/staging.ivg.it\/ediapi\/wp\/v2\/tags?post=269468"}],"curies":[{"name":"wp","href":"https:\/\/api.w.org\/{rel}","templated":true}]}}