{"id":269448,"date":"2014-07-24T15:10:49","date_gmt":"2014-07-24T13:10:49","guid":{"rendered":"http:\/\/www.ivg.it\/?p=269448"},"modified":"2014-07-24T15:10:49","modified_gmt":"2014-07-24T13:10:49","slug":"regione-claudio-burlando-visita-sassello-cairo-e-calizzano","status":"publish","type":"post","link":"https:\/\/staging.ivg.it\/2014\/07\/regione-claudio-burlando-visita-sassello-cairo-e-calizzano\/","title":{"rendered":"Regione: Claudio Burlando in visita a Sassello, Cairo e Calizzano"},"content":{"rendered":"<p><strong>Regione<\/strong>. Il presidente della Regione Liguria Claudio Burlando, insieme con gli assessori Raffaella Paita e Lorena Rambaudi, sabato 26 luglio sar\u00e0 a Sassello, Cairo Montenotte e Calizzano.<\/p>\n<p>Burlando arriver\u00e0 alle ore 11 nella frazione Piampaludo di Sassello dove, in localit\u00e0 Dano, parteciper\u00e0 all\u2019inaugurazione del ponte danneggiato dall\u2019alluvione del 2010.<\/p>\n<p>Alle 15 ore il governatore si recher\u00e0 a Cairo Montenotte per visitare la residenza Nilde Bormioli per anziani autosufficienti.<\/p>\n<p>Infine, alle ore 17,30, Burlando sar\u00e0 a Calizzano dove parteciper\u00e0 alle inaugurazioni della casa di riposo Suarez e della nuova viabilit\u00e0 Madonna delle Grazie. In serata, alle ore 20,30, Burlando parteciper\u00e0 all\u2019inaugurazione del Castello Carrettesco di Calizzano.<\/p>\n","protected":false},"excerpt":{"rendered":"<p>Regione. Il presidente della Regione Liguria Claudio Burlando, insieme con gli assessori Raffaella Paita e Lorena Rambaudi, sabato 26 luglio sar\u00e0 a Sassello, Cairo Montenotte e Calizzano. Burlando arriver\u00e0 alle ore 11 nella frazione Piampaludo di Sassello dove, in localit\u00e0 Dano, parteciper\u00e0 all\u2019inaugurazione del ponte danneggiato dall\u2019alluvione del 2010. Alle 15 ore il governatore si [&hellip;]<\/p>\n","protected":false},"author":13744,"featured_media":0,"comment_status":"open","ping_status":"closed","sticky":false,"template":"","format":"standard","meta":{"footnotes":""},"categories":[45296],"tags":[85987,85889,284,295,85947],"class_list":["post-269448","post","type-post","status-publish","format-standard","hentry","category-copertina","tag-cairo-montenotte","tag-calizzano","tag-claudio-burlando","tag-regione","tag-sassello","post_cat_citta-cairo-montenotte","post_cat_citta-calizzano","post_cat_citta-sassello"],"amp_validity":null,"amp_enabled":true,"_links":{"self":[{"href":"https:\/\/staging.ivg.it\/ediapi\/wp\/v2\/posts\/269448","targetHints":{"allow":["GET"]}}],"collection":[{"href":"https:\/\/staging.ivg.it\/ediapi\/wp\/v2\/posts"}],"about":[{"href":"https:\/\/staging.ivg.it\/ediapi\/wp\/v2\/types\/post"}],"author":[{"embeddable":true,"href":"https:\/\/staging.ivg.it\/ediapi\/wp\/v2\/users\/13744"}],"replies":[{"embeddable":true,"href":"https:\/\/staging.ivg.it\/ediapi\/wp\/v2\/comments?post=269448"}],"version-history":[{"count":0,"href":"https:\/\/staging.ivg.it\/ediapi\/wp\/v2\/posts\/269448\/revisions"}],"wp:attachment":[{"href":"https:\/\/staging.ivg.it\/ediapi\/wp\/v2\/media?parent=269448"}],"wp:term":[{"taxonomy":"category","embeddable":true,"href":"https:\/\/staging.ivg.it\/ediapi\/wp\/v2\/categories?post=269448"},{"taxonomy":"post_tag","embeddable":true,"href":"https:\/\/staging.ivg.it\/ediapi\/wp\/v2\/tags?post=269448"}],"curies":[{"name":"wp","href":"https:\/\/api.w.org\/{rel}","templated":true}]}}