{"id":269383,"date":"2014-07-23T16:51:24","date_gmt":"2014-07-23T14:51:24","guid":{"rendered":"http:\/\/www.ivg.it\/?p=269383"},"modified":"2014-07-23T18:23:50","modified_gmt":"2014-07-23T16:23:50","slug":"castello-di-cairo-briano-un-ambizioso-progetto-di-recupero-e-valorizzazione-culturale","status":"publish","type":"post","link":"https:\/\/staging.ivg.it\/2014\/07\/castello-di-cairo-briano-un-ambizioso-progetto-di-recupero-e-valorizzazione-culturale\/","title":{"rendered":"Fine lavori per il Castello di Cairo, il sindaco Briano: &#8220;Ambizioso progetto culturale&#8221;"},"content":{"rendered":"<p><strong>Cairo M.<\/strong> Sono in fase di completamento gli ultimi lavori di restyling del castello di Cairo. L&#8217;ultimazione del piano di recupero prevede la costruzione di un\u2019area spettacoli, finanziata per circa 200 mila euro dalla Regione Liguria con i fondi PAR-Fas e per i restanti 50 mila euro direttamente dal Comune di Cairo.<\/p>\n<p>&#8220;Uno sforzo immenso, come si pu\u00f2 notare, che sta per restituire alla Citt\u00e0 un luogo emozionante, carico di storia e suggestivo ad iniziare dalla via di accesso che dal livello della strada carrabile si inerpica su per la collina, offrendo l\u2019occasione per una straordinaria passeggiata&#8221; afferma il sindaco di Cairo Fulvio Briano.<\/p>\n<p>\u201cPer circa mezzo secolo il nostro castello \u00e8 stato un simbolo, un punto di riferimento della citt\u00e0, emblema di forza e prosperit\u00e0, a tratti di sfarzo e ostentato benessere. Una fortezza della quale andare fieri: ora uno sforzo immenso sta per restituire alla citt\u00e0 un luogo emozionante, carico di storia e suggestivo\u201d.<\/p>\n<p>\u201cHo sempre creduto in questo progetto e mi sono personalmente impegnato perch\u00e8 giungesse a conclusione nel modo migliore &#8211; dice ancora Briano &#8211; penso sia importante valorizzare quanto resta del passato e renderlo testimonianza fruibile. Vorrei &#8211; auspica &#8211; che il castello diventasse un luogo praticato, dove la gente va a fare una passeggiata, ad assistere a uno spettacolo, a guardare Cairo dall\u2019alto, a stare un po\u2019 nel verde. Un bel posto a disposizione di tutti\u201d.<\/p>\n<p>L\u2019inaugurazione dell\u2019area culturale del sentiero pedonale del castello sono in programma domenica 3 agosto a partire dalle ore 21:00.<\/p>\n","protected":false},"excerpt":{"rendered":"<p>Cairo M. Sono in fase di completamento gli ultimi lavori di restyling del castello di Cairo. L&#8217;ultimazione del piano di recupero prevede la costruzione di un\u2019area spettacoli, finanziata per circa 200 mila euro dalla Regione Liguria con i fondi PAR-Fas e per i restanti 50 mila euro direttamente dal Comune di Cairo. &#8220;Uno sforzo immenso, [&hellip;]<\/p>\n","protected":false},"author":13744,"featured_media":0,"comment_status":"open","ping_status":"closed","sticky":false,"template":"","format":"standard","meta":{"footnotes":""},"categories":[45296],"tags":[85987,2771,2857],"class_list":["post-269383","post","type-post","status-publish","format-standard","hentry","category-copertina","tag-cairo-montenotte","tag-fulvio-briano","tag-restauro","post_cat_citta-cairo-montenotte"],"amp_validity":null,"amp_enabled":true,"_links":{"self":[{"href":"https:\/\/staging.ivg.it\/ediapi\/wp\/v2\/posts\/269383","targetHints":{"allow":["GET"]}}],"collection":[{"href":"https:\/\/staging.ivg.it\/ediapi\/wp\/v2\/posts"}],"about":[{"href":"https:\/\/staging.ivg.it\/ediapi\/wp\/v2\/types\/post"}],"author":[{"embeddable":true,"href":"https:\/\/staging.ivg.it\/ediapi\/wp\/v2\/users\/13744"}],"replies":[{"embeddable":true,"href":"https:\/\/staging.ivg.it\/ediapi\/wp\/v2\/comments?post=269383"}],"version-history":[{"count":0,"href":"https:\/\/staging.ivg.it\/ediapi\/wp\/v2\/posts\/269383\/revisions"}],"wp:attachment":[{"href":"https:\/\/staging.ivg.it\/ediapi\/wp\/v2\/media?parent=269383"}],"wp:term":[{"taxonomy":"category","embeddable":true,"href":"https:\/\/staging.ivg.it\/ediapi\/wp\/v2\/categories?post=269383"},{"taxonomy":"post_tag","embeddable":true,"href":"https:\/\/staging.ivg.it\/ediapi\/wp\/v2\/tags?post=269383"}],"curies":[{"name":"wp","href":"https:\/\/api.w.org\/{rel}","templated":true}]}}