{"id":269328,"date":"2014-07-23T09:18:35","date_gmt":"2014-07-23T07:18:35","guid":{"rendered":"http:\/\/www.ivg.it\/?p=269328"},"modified":"2014-07-23T09:18:35","modified_gmt":"2014-07-23T07:18:35","slug":"finale-lega-nord-preoccupata-per-lordine-pubblico-inascoltato-il-nostro-grido-dallarme","status":"publish","type":"post","link":"https:\/\/staging.ivg.it\/2014\/07\/finale-lega-nord-preoccupata-per-lordine-pubblico-inascoltato-il-nostro-grido-dallarme\/","title":{"rendered":"Finale, Lega Nord preoccupata per l&#8217;ordine pubblico: &#8220;Inascoltato il nostro grido d&#8217;allarme&#8221;"},"content":{"rendered":"<p><strong>Finale Ligure<\/strong>. &#8220;Poche settimane fa la sezione Lega Nord di Finale Ligure aveva lanciato un grido di allarme a quanto pare rimasto inascoltato in merito all&#8217;ordine pubblico e la sicurezza nella citt\u00e0&#8221;. Lo dice Roberto Paolino, segretario della sezione Lega Nord di Finale Ligure.<\/p>\n<p>&#8220;La situazione purtroppo \u00e8 nettamente peggiorata &#8211; prosegue Paolino -. Ai soliti ahim\u00e8 furti negli alloggi, si sono aggiunti due tentativi di scippo e questa purtroppo \u00e8 una triste novit\u00e0 in quanto nella nostra citt\u00e0 non si erano mai verificati&#8221;.<\/p>\n<p>&#8220;Comprendiamo &#8211; afferma &#8211; che la maggioranza in questo momento \u00e8 impegnata a riflettere su come risolvere l&#8217;annoso rebus se aprire o meno il ponte di Porta Testa, ma sulla sicurezza dei cittadini magari cinque minuti varrebbe la pena perderli&#8221;.<\/p>\n<p>&#8220;Cogliamo l&#8217;occasione per comunicare al signor sindaco che raccogliamo l&#8217;appello a collaborare per cui ci rendiamo disponibile qualora lo ritenesse utile ad andare insieme a lui a sollecitare il signor questore a dotare il nostro territorio, specie in questo periodo delicato, di uno o pi\u00f9 mezzi delle forze dell&#8217;ordine che controlli il territorio soprattutto dopo la mezzanotte&#8221;.<\/p>\n","protected":false},"excerpt":{"rendered":"<p>Finale Ligure. &#8220;Poche settimane fa la sezione Lega Nord di Finale Ligure aveva lanciato un grido di allarme a quanto pare rimasto inascoltato in merito all&#8217;ordine pubblico e la sicurezza nella citt\u00e0&#8221;. Lo dice Roberto Paolino, segretario della sezione Lega Nord di Finale Ligure. &#8220;La situazione purtroppo \u00e8 nettamente peggiorata &#8211; prosegue Paolino -. Ai [&hellip;]<\/p>\n","protected":false},"author":13744,"featured_media":0,"comment_status":"open","ping_status":"closed","sticky":false,"template":"","format":"standard","meta":{"footnotes":""},"categories":[31],"tags":[85844,630,183],"class_list":["post-269328","post","type-post","status-publish","format-standard","hentry","category-politica","tag-finale-ligure","tag-lega-nord","tag-sicurezza","post_cat_citta-finale-ligure"],"amp_validity":null,"amp_enabled":true,"_links":{"self":[{"href":"https:\/\/staging.ivg.it\/ediapi\/wp\/v2\/posts\/269328","targetHints":{"allow":["GET"]}}],"collection":[{"href":"https:\/\/staging.ivg.it\/ediapi\/wp\/v2\/posts"}],"about":[{"href":"https:\/\/staging.ivg.it\/ediapi\/wp\/v2\/types\/post"}],"author":[{"embeddable":true,"href":"https:\/\/staging.ivg.it\/ediapi\/wp\/v2\/users\/13744"}],"replies":[{"embeddable":true,"href":"https:\/\/staging.ivg.it\/ediapi\/wp\/v2\/comments?post=269328"}],"version-history":[{"count":0,"href":"https:\/\/staging.ivg.it\/ediapi\/wp\/v2\/posts\/269328\/revisions"}],"wp:attachment":[{"href":"https:\/\/staging.ivg.it\/ediapi\/wp\/v2\/media?parent=269328"}],"wp:term":[{"taxonomy":"category","embeddable":true,"href":"https:\/\/staging.ivg.it\/ediapi\/wp\/v2\/categories?post=269328"},{"taxonomy":"post_tag","embeddable":true,"href":"https:\/\/staging.ivg.it\/ediapi\/wp\/v2\/tags?post=269328"}],"curies":[{"name":"wp","href":"https:\/\/api.w.org\/{rel}","templated":true}]}}