{"id":269324,"date":"2014-07-23T08:37:32","date_gmt":"2014-07-23T06:37:32","guid":{"rendered":"http:\/\/www.ivg.it\/?p=269324"},"modified":"2014-07-23T08:52:52","modified_gmt":"2014-07-23T06:52:52","slug":"calcio-glauda-e-grabinski-per-un-giorno-tornano-sui-banchi-di-scuola","status":"publish","type":"post","link":"https:\/\/staging.ivg.it\/2014\/07\/calcio-glauda-e-grabinski-per-un-giorno-tornano-sui-banchi-di-scuola\/","title":{"rendered":"Calcio, Glauda e Grabinski per un giorno tornano sui banchi di scuola"},"content":{"rendered":"<p><b>Savona.<\/b> Calciatori sui banchi di scuola per un giorno. \u00c8 quello che \u00e8 successo sabato scorso quando Tiziano Glauda, ex giocatore della Veloce e del Vado, e Cesar Grabinski si sono trasformati in studenti modello.<\/p>\n<p>L\u2019occasione \u00e8 stata data dal test per l\u2019ammissione al corso da educatore presso il polo universitario di Savona.<\/p>\n<p>Glauda (nella foto) e Grabinski si sono \u201cmischiati\u201d alle centinaia di operatori che tentano di essere ammessi al corso per ottenere la qualifica di educatore.<\/p>\n<p>Da diversi anni, infatti, i due calciatori coniugano l\u2019attivit\u00e0 sportiva con il lavoro da educatori.<\/p>\n<p>Per sapere se il test \u00e8 superato, bisogner\u00e0 aspettare met\u00e0 agosto quando la commissione diramer\u00e0 gli esiti.<\/p>\n<p>E, per una volta, i voti non li troveranno sulla Gazzetta dello Sport o su altri siti sportivi.<\/p>\n","protected":false},"excerpt":{"rendered":"<p>Savona. Calciatori sui banchi di scuola per un giorno. \u00c8 quello che \u00e8 successo sabato scorso quando Tiziano Glauda, ex giocatore della Veloce e del Vado, e Cesar Grabinski si sono trasformati in studenti modello. L\u2019occasione \u00e8 stata data dal test per l\u2019ammissione al corso da educatore presso il polo universitario di Savona. Glauda (nella [&hellip;]<\/p>\n","protected":false},"author":8847,"featured_media":0,"comment_status":"open","ping_status":"closed","sticky":false,"template":"","format":"standard","meta":{"footnotes":""},"categories":[45296,182,32],"tags":[85989,11190],"class_list":["post-269324","post","type-post","status-publish","format-standard","hentry","category-copertina","category-calcio","category-sport","tag-calcio","tag-cesar-grabinski","post_cat_citta-savona"],"amp_validity":null,"amp_enabled":true,"_links":{"self":[{"href":"https:\/\/staging.ivg.it\/ediapi\/wp\/v2\/posts\/269324","targetHints":{"allow":["GET"]}}],"collection":[{"href":"https:\/\/staging.ivg.it\/ediapi\/wp\/v2\/posts"}],"about":[{"href":"https:\/\/staging.ivg.it\/ediapi\/wp\/v2\/types\/post"}],"author":[{"embeddable":true,"href":"https:\/\/staging.ivg.it\/ediapi\/wp\/v2\/users\/8847"}],"replies":[{"embeddable":true,"href":"https:\/\/staging.ivg.it\/ediapi\/wp\/v2\/comments?post=269324"}],"version-history":[{"count":0,"href":"https:\/\/staging.ivg.it\/ediapi\/wp\/v2\/posts\/269324\/revisions"}],"wp:attachment":[{"href":"https:\/\/staging.ivg.it\/ediapi\/wp\/v2\/media?parent=269324"}],"wp:term":[{"taxonomy":"category","embeddable":true,"href":"https:\/\/staging.ivg.it\/ediapi\/wp\/v2\/categories?post=269324"},{"taxonomy":"post_tag","embeddable":true,"href":"https:\/\/staging.ivg.it\/ediapi\/wp\/v2\/tags?post=269324"}],"curies":[{"name":"wp","href":"https:\/\/api.w.org\/{rel}","templated":true}]}}