{"id":269308,"date":"2014-07-22T17:30:56","date_gmt":"2014-07-22T15:30:56","guid":{"rendered":"http:\/\/www.ivg.it\/?p=269308"},"modified":"2014-07-23T11:47:02","modified_gmt":"2014-07-23T09:47:02","slug":"allistanza-di-tirreno-power-le-carte-trasmesse-al-ministero-spuntano-anche-lettere-di-minaccia-al-procuratore","status":"publish","type":"post","link":"https:\/\/staging.ivg.it\/2014\/07\/allistanza-di-tirreno-power-le-carte-trasmesse-al-ministero-spuntano-anche-lettere-di-minaccia-al-procuratore\/","title":{"rendered":"No all&#8217;istanza di Tirreno Power: le carte trasmesse al Ministero. Spuntano anche lettere di minaccia al Procuratore"},"content":{"rendered":"<p><strong>Savona<\/strong>. Il &#8220;day after&#8221; del respingimento dell&#8217;istanza di Tirreno Power da parte del giudice Fiorenza Giorgi \u00e8 attesa una presa di posizione dell&#8217;azienda che per\u00f2, almeno fino ad ora, non \u00e8 arrivata. Nessun commento sul pronunciamento del gip e sulle possibili contromosse difensive \u00e8 ancora arrivato dai legali di Tirreno Power che, probabilmente, sono ancora impegnati a delineare la strategia da seguire.<\/p>\n<p>Nessuna parola nemmeno dalla Procura da dove, sull&#8217;argomento, ci si \u00e8 limitati a precisare solo che, sia il parere del pm che il dispositivo del giudice Giorgi, sono stati trasmessi al Ministero delll&#8217;Ambiente. Nulla pi\u00f9. E&#8217; a proposito di un altro aspetto connesso all&#8217;inchiesta su Tirreno Power che sono emersi invece dei dettagli: nelle scorse settimane il Procuratore Francantonio Granero ha ricevuto delle lettere anonime di minaccia.<\/p>\n<p>In particolare, nei giorni scorsi, il magistrato ha ricevuto un volantino firmato da un fantomatico &#8220;comitato orfani e superstiti della centrale di De Benedetti&#8221; che, sotto la scritta &#8221; Vittime dell&#8217;olocausto di De Benedetti&#8221; mostra la foto di centinaia di croci. Un&#8217;immagine che era accompagnata da un biglietto manoscritto nel quale il Procuratore Granero veniva accusato di aver indagato in ritardo sulla &#8220;centrale e i suoi veleni&#8221;. L&#8217;anonimo autore si interrogava anche su quanto il magistrato avesse &#8220;preso&#8221; per agevolare l&#8217;attivit\u00e0 della centrale.<\/p>\n<p>Un messaggio che \u00e8 stato trasmesso alla Procura di Torino, competente per tutto ci\u00f2 che concerne l\u2019attivit\u00e0 dei magistrati liguri, per le indagini del caso. Granero oggi ha precisato: &#8220;Generalmente non attribuisco a questo genere di lettere alcuna importanza, preferisco archiviarle ricordando ovviamente di averle ricevute, ma inquesto caso gli attacchi sono diventati pi\u00f9 frequenti e quindi ho deciso di reagire vigorosamente. Un dossier \u00e8 in partenza per Torino e contiene una serie di esposti e anche di querele contro ignoti. Mi aspetto anche una decisa presa di posizione da parte di tutte le istituzioni. Per il resto non mi preoccupo e vado avanti nel mio lavoro con grande impegno&#8221;.<\/p>\n","protected":false},"excerpt":{"rendered":"<p>Savona. Il &#8220;day after&#8221; del respingimento dell&#8217;istanza di Tirreno Power da parte del giudice Fiorenza Giorgi \u00e8 attesa una presa di posizione dell&#8217;azienda che per\u00f2, almeno fino ad ora, non \u00e8 arrivata. Nessun commento sul pronunciamento del gip e sulle possibili contromosse difensive \u00e8 ancora arrivato dai legali di Tirreno Power che, probabilmente, sono ancora [&hellip;]<\/p>\n","protected":false},"author":2394,"featured_media":0,"comment_status":"open","ping_status":"closed","sticky":false,"template":"","format":"standard","meta":{"footnotes":""},"categories":[45296,34],"tags":[49105,55860,53538,53537,85979],"class_list":["post-269308","post","type-post","status-publish","format-standard","hentry","category-copertina","category-cronaca","tag-centrale-vado","tag-gip-giorgi","tag-istanza-dissequestro","tag-sequestro-centrale","tag-vado-ligure","post_cat_citta-savona"],"amp_validity":null,"amp_enabled":true,"_links":{"self":[{"href":"https:\/\/staging.ivg.it\/ediapi\/wp\/v2\/posts\/269308","targetHints":{"allow":["GET"]}}],"collection":[{"href":"https:\/\/staging.ivg.it\/ediapi\/wp\/v2\/posts"}],"about":[{"href":"https:\/\/staging.ivg.it\/ediapi\/wp\/v2\/types\/post"}],"author":[{"embeddable":true,"href":"https:\/\/staging.ivg.it\/ediapi\/wp\/v2\/users\/2394"}],"replies":[{"embeddable":true,"href":"https:\/\/staging.ivg.it\/ediapi\/wp\/v2\/comments?post=269308"}],"version-history":[{"count":0,"href":"https:\/\/staging.ivg.it\/ediapi\/wp\/v2\/posts\/269308\/revisions"}],"wp:attachment":[{"href":"https:\/\/staging.ivg.it\/ediapi\/wp\/v2\/media?parent=269308"}],"wp:term":[{"taxonomy":"category","embeddable":true,"href":"https:\/\/staging.ivg.it\/ediapi\/wp\/v2\/categories?post=269308"},{"taxonomy":"post_tag","embeddable":true,"href":"https:\/\/staging.ivg.it\/ediapi\/wp\/v2\/tags?post=269308"}],"curies":[{"name":"wp","href":"https:\/\/api.w.org\/{rel}","templated":true}]}}