{"id":269233,"date":"2014-07-22T10:47:04","date_gmt":"2014-07-22T08:47:04","guid":{"rendered":"http:\/\/www.ivg.it\/?p=269233"},"modified":"2014-07-22T10:47:04","modified_gmt":"2014-07-22T08:47:04","slug":"savona-dalla-lirica-alla-musica-leggera-al-priamar-le-piu-belle-canzoni-del-festival","status":"publish","type":"post","link":"https:\/\/staging.ivg.it\/2014\/07\/savona-dalla-lirica-alla-musica-leggera-al-priamar-le-piu-belle-canzoni-del-festival\/","title":{"rendered":"Savona, dalla lirica alla musica &#8220;leggera&#8221;: al Priamar le pi\u00f9 belle canzoni del Festival"},"content":{"rendered":"<p><strong>Savona<\/strong>. Mezzo secolo di grandi successi del Festival di Sanremo risuoneranno al Priamar. Venerd\u00ec 25 luglio, alle 21,30, nella fortezza di Savona andr\u00e0 in scena infatti un appuntamento dedicato alla musica &#8220;leggera&#8221;, organizzato dall&#8217;Opera Giocosa, durante il quale saranno eseguite &#8220;Le pi\u00f9 belle canzoni del Festival di Sanremo&#8221;, i titoli pi\u00f9 celebri dagli anni Cinquanta ai giorni nostri.<\/p>\n<p>Sul palco del piazzale del Maschio con l&#8217;Orchestra Sinfonica di Sanremo diretta da Bruno Santori saliranno Silvia Aprile e Tony Guerrieri. La biglietteria, presso il Teatro Comunale Chiabrera, avr\u00e0 i seguenti orari: da luned\u00ec al sabato, dalle ore 10 alle ore 12, e dalle ore 16 alle ore 19; sar\u00e0 comunque possibile acquistare il biglietto presso la Fortezza del Priam\u00e0r un\u2019ora prima dello spettacolo e direttamente on line sul sito www.operagiocosa.it.<\/p>\n","protected":false},"excerpt":{"rendered":"<p>Savona. Mezzo secolo di grandi successi del Festival di Sanremo risuoneranno al Priamar. Venerd\u00ec 25 luglio, alle 21,30, nella fortezza di Savona andr\u00e0 in scena infatti un appuntamento dedicato alla musica &#8220;leggera&#8221;, organizzato dall&#8217;Opera Giocosa, durante il quale saranno eseguite &#8220;Le pi\u00f9 belle canzoni del Festival di Sanremo&#8221;, i titoli pi\u00f9 celebri dagli anni Cinquanta [&hellip;]<\/p>\n","protected":false},"author":13744,"featured_media":0,"comment_status":"open","ping_status":"closed","sticky":false,"template":"","format":"standard","meta":{"footnotes":""},"categories":[],"tags":[18872,85995,85850],"class_list":["post-269233","post","type-post","status-publish","format-standard","hentry","tag-festival-di-sanremo","tag-priamar","tag-savona","post_cat_citta-savona"],"amp_validity":null,"amp_enabled":true,"_links":{"self":[{"href":"https:\/\/staging.ivg.it\/ediapi\/wp\/v2\/posts\/269233","targetHints":{"allow":["GET"]}}],"collection":[{"href":"https:\/\/staging.ivg.it\/ediapi\/wp\/v2\/posts"}],"about":[{"href":"https:\/\/staging.ivg.it\/ediapi\/wp\/v2\/types\/post"}],"author":[{"embeddable":true,"href":"https:\/\/staging.ivg.it\/ediapi\/wp\/v2\/users\/13744"}],"replies":[{"embeddable":true,"href":"https:\/\/staging.ivg.it\/ediapi\/wp\/v2\/comments?post=269233"}],"version-history":[{"count":0,"href":"https:\/\/staging.ivg.it\/ediapi\/wp\/v2\/posts\/269233\/revisions"}],"wp:attachment":[{"href":"https:\/\/staging.ivg.it\/ediapi\/wp\/v2\/media?parent=269233"}],"wp:term":[{"taxonomy":"category","embeddable":true,"href":"https:\/\/staging.ivg.it\/ediapi\/wp\/v2\/categories?post=269233"},{"taxonomy":"post_tag","embeddable":true,"href":"https:\/\/staging.ivg.it\/ediapi\/wp\/v2\/tags?post=269233"}],"curies":[{"name":"wp","href":"https:\/\/api.w.org\/{rel}","templated":true}]}}