{"id":268938,"date":"2014-07-17T18:04:06","date_gmt":"2014-07-17T16:04:06","guid":{"rendered":"http:\/\/www.ivg.it\/?p=268938"},"modified":"2014-07-18T11:43:02","modified_gmt":"2014-07-18T09:43:02","slug":"cani-savona-assoutenti-annuncia-battaglia-contro-il-regolamento-dei-divieti","status":"publish","type":"post","link":"https:\/\/staging.ivg.it\/2014\/07\/cani-savona-assoutenti-annuncia-battaglia-contro-il-regolamento-dei-divieti\/","title":{"rendered":"Cani, a Savona Assoutenti annuncia &#8220;battaglia contro il regolamento dei divieti&#8221;"},"content":{"rendered":"<p><strong>Savona.<\/strong> &#8220;Dovunque i cittadini subiscano ingiustificate limitazioni della loro libert\u00e0 di muoversi, nel rispetto delle norme e delle regole della buona educazione, con il proprio animale domestico al seguito, deve essere messa in campo una tenace forma di protesta civile&#8221;, Cos\u00ec il presidente di Assoutenti Savona e responsabile dello \u201csportello Assoutenti Animalrights\u201d Maria Laura Ragazzi, parole che arrivano anche a seguito delle polemiche per il nuovo regolamento di polizia urbana a Savona, con disposizioni ferree per i padroni e gli amici a quattro zampe.<\/p>\n<p>&#8220;\u00c8 ora di farsi sentire, di pretendere il rispetto della legge che non prevede zone off-limits per i cani se non in limitatissimi casi, di chiedere al proprio sindaco &#8211; se necessario &#8211; di adeguare i regolamenti comunali o di adottare le ordinanze-tipo predisposte a suo tempo dal ministero del Turismo e dall&#8217;Anci\u201d.<\/p>\n<p>\u201cMilioni di italiani convivono con gli animali domestici e hanno tutto il diritto di volerli accanto a s\u00e9 in ogni momento della vita quotidiana. Un diritto che non pu\u00f2 certo essere violato da un regolamento comunale e da un sindaco. Per questa ragione, i cittadini non intendono pi\u00f9 sopportare simili soprusi che sono del tutto illegittimi\u201d aggiunge.<\/p>\n<p>\u201cIllegittimo \u00e8 vietare di far \u201cfare i bisogni\u201d ai cani sui marciapiedi e nelle zone pedonali, legittimo \u00e8 sanzionare chi fa \u201csporcare\u201d i marciapiedi, ed illegittimo \u00e8 vietare di far \u201cfare i bisogni ai cani\u201d nelle zone private ma di uso comune dove la P.A. Nulla pu\u00f2 vietare\u201d.<\/p>\n<p>Assoutenti Savona metter\u00e0 in atto forme di protesta civile, &#8220;far\u00e0 sentire la propria voce. La nostra \u00e8 una protesta nazionale, politica e le istituzioni prendano atto che i tempi sono cambiati&#8221;.<\/p>\n<p>Infine la stoccata al Comune di Savona: \u201cNei giorni scorsi \u00e8 stata ventilata l&#8217;approvazione del nuovo regolamento comunale che esplicitamente vieta ai cani di Farei bisogni sui marciapiedi, nelle zone pedonali sia comunali che private ma di uso comune e nelle aiole tranne nelle aree canine. Disposizioni simili a quelle che il Comune di Savona vuole adottare, palesemente illegittime, sono state impugnate con successo innanzi a parecchi Tribunali amministrativi regionali\u201d ricorda la presidente di Assoutenti.<\/p>\n<p>\u201cAlla prima sanzione amministrativa ricorreremo contro il regolamento di Savona, se sar\u00e0 approvato, e il Comune dovr\u00e0 adeguarsi&#8221;.<\/p>\n","protected":false},"excerpt":{"rendered":"<p>Savona. &#8220;Dovunque i cittadini subiscano ingiustificate limitazioni della loro libert\u00e0 di muoversi, nel rispetto delle norme e delle regole della buona educazione, con il proprio animale domestico al seguito, deve essere messa in campo una tenace forma di protesta civile&#8221;, Cos\u00ec il presidente di Assoutenti Savona e responsabile dello \u201csportello Assoutenti Animalrights\u201d Maria Laura Ragazzi, [&hellip;]<\/p>\n","protected":false},"author":13744,"featured_media":0,"comment_status":"open","ping_status":"closed","sticky":false,"template":"","format":"standard","meta":{"footnotes":""},"categories":[56],"tags":[1438,1180,85850],"class_list":["post-268938","post","type-post","status-publish","format-standard","hentry","category-altre","tag-assoutenti","tag-cani","tag-savona","post_cat_citta-andora","post_cat_citta-savona"],"amp_validity":null,"amp_enabled":true,"_links":{"self":[{"href":"https:\/\/staging.ivg.it\/ediapi\/wp\/v2\/posts\/268938","targetHints":{"allow":["GET"]}}],"collection":[{"href":"https:\/\/staging.ivg.it\/ediapi\/wp\/v2\/posts"}],"about":[{"href":"https:\/\/staging.ivg.it\/ediapi\/wp\/v2\/types\/post"}],"author":[{"embeddable":true,"href":"https:\/\/staging.ivg.it\/ediapi\/wp\/v2\/users\/13744"}],"replies":[{"embeddable":true,"href":"https:\/\/staging.ivg.it\/ediapi\/wp\/v2\/comments?post=268938"}],"version-history":[{"count":0,"href":"https:\/\/staging.ivg.it\/ediapi\/wp\/v2\/posts\/268938\/revisions"}],"wp:attachment":[{"href":"https:\/\/staging.ivg.it\/ediapi\/wp\/v2\/media?parent=268938"}],"wp:term":[{"taxonomy":"category","embeddable":true,"href":"https:\/\/staging.ivg.it\/ediapi\/wp\/v2\/categories?post=268938"},{"taxonomy":"post_tag","embeddable":true,"href":"https:\/\/staging.ivg.it\/ediapi\/wp\/v2\/tags?post=268938"}],"curies":[{"name":"wp","href":"https:\/\/api.w.org\/{rel}","templated":true}]}}