{"id":268937,"date":"2014-07-17T17:42:23","date_gmt":"2014-07-17T15:42:23","guid":{"rendered":"http:\/\/www.ivg.it\/?p=268937"},"modified":"2014-07-23T13:26:07","modified_gmt":"2014-07-23T11:26:07","slug":"depurazione-nel-ponente-la-regione-accelera-convocato-vertice-con-sindaci","status":"publish","type":"post","link":"https:\/\/staging.ivg.it\/2014\/07\/depurazione-nel-ponente-la-regione-accelera-convocato-vertice-con-sindaci\/","title":{"rendered":"Depurazione nel ponente, la Regione accelera: convocato vertice con i sindaci"},"content":{"rendered":"<p><strong>Ponente. <\/strong>L\u2019assessore regionale Raffaella Paita prover\u00e0 a fare quadrato in merito al progetto della depurazione per il ponente savonese ed ha convocato un vertice per mercoled\u00ec 23 luglio in Regione, al quale prenderanno parte sindaci e amministratori locali, con l&#8217;obiettivo di definire l&#8217;intesa finale. Obiettivo dell\u2019ente regionale \u00e8 concludere l\u2019iter prima possibile, con l\u2019infrazione comunitaria ormai dietro l\u2019angolo.<\/p>\n<p>Il mese scorso era stata la Provincia di Savona a rilanciare la questione presentando le linee guida del progetto, che prevede il collegamento di tutto l&#8217;albenganese con il depuratore consortile di Borghetto, con Filse che ha dato l\u2019ok per la fattibilit\u00e0 tecnica dell\u2019opera, anche a livello economico. 4,25 mln la cifra complessiva dei lavori, 2 mln dalla Regione, 1,5 mln di euro dal Comune di Albenga e altri 750 mila euro messi dalla Provincia di Savona.<\/p>\n<p>Per Albenga una scelta importante, dopo anni di tentennamenti e con il progetto del nuovo depuratore consortile a Villanova naufragato: il sindaco Giorgio Cangiano ha sottolineato che la depurazione rimane una sua priorit\u00e0, ma chiede una progettazione che possa garantire tutto il territorio ingauno, cos\u00ec come i comuni limitrofi. <\/p>\n<p>Insomma \u00e8 sul progetto che si misurer\u00e0 la discussione, con i tempi che ormai stringono sempre di pi\u00f9 e con gli enti locali in attesa dell\u2019ok finale con l\u2019atto deliberativo dell\u2019amministrazione albenganese.<\/p>\n","protected":false},"excerpt":{"rendered":"<p>Ponente. L\u2019assessore regionale Raffaella Paita prover\u00e0 a fare quadrato in merito al progetto della depurazione per il ponente savonese ed ha convocato un vertice per mercoled\u00ec 23 luglio in Regione, al quale prenderanno parte sindaci e amministratori locali, con l&#8217;obiettivo di definire l&#8217;intesa finale. Obiettivo dell\u2019ente regionale \u00e8 concludere l\u2019iter prima possibile, con l\u2019infrazione comunitaria [&hellip;]<\/p>\n","protected":false},"author":4,"featured_media":0,"comment_status":"open","ping_status":"closed","sticky":false,"template":"","format":"standard","meta":{"footnotes":""},"categories":[56],"tags":[1354,1589,22411,295],"class_list":["post-268937","post","type-post","status-publish","format-standard","hentry","category-altre","tag-depuratore","tag-depurazione","tag-raffaella-paita","tag-regione","post_cat_citta-albenga","post_cat_citta-andora"],"amp_validity":null,"amp_enabled":true,"_links":{"self":[{"href":"https:\/\/staging.ivg.it\/ediapi\/wp\/v2\/posts\/268937","targetHints":{"allow":["GET"]}}],"collection":[{"href":"https:\/\/staging.ivg.it\/ediapi\/wp\/v2\/posts"}],"about":[{"href":"https:\/\/staging.ivg.it\/ediapi\/wp\/v2\/types\/post"}],"author":[{"embeddable":true,"href":"https:\/\/staging.ivg.it\/ediapi\/wp\/v2\/users\/4"}],"replies":[{"embeddable":true,"href":"https:\/\/staging.ivg.it\/ediapi\/wp\/v2\/comments?post=268937"}],"version-history":[{"count":0,"href":"https:\/\/staging.ivg.it\/ediapi\/wp\/v2\/posts\/268937\/revisions"}],"wp:attachment":[{"href":"https:\/\/staging.ivg.it\/ediapi\/wp\/v2\/media?parent=268937"}],"wp:term":[{"taxonomy":"category","embeddable":true,"href":"https:\/\/staging.ivg.it\/ediapi\/wp\/v2\/categories?post=268937"},{"taxonomy":"post_tag","embeddable":true,"href":"https:\/\/staging.ivg.it\/ediapi\/wp\/v2\/tags?post=268937"}],"curies":[{"name":"wp","href":"https:\/\/api.w.org\/{rel}","templated":true}]}}