{"id":268861,"date":"2014-07-17T10:22:53","date_gmt":"2014-07-17T08:22:53","guid":{"rendered":"http:\/\/www.ivg.it\/?p=268861"},"modified":"2014-07-17T16:25:09","modified_gmt":"2014-07-17T14:25:09","slug":"loano-una-serata-per-raccogliere-fondi-favore-del-telefono-donna-ospite-sherrita-duran","status":"publish","type":"post","link":"https:\/\/staging.ivg.it\/2014\/07\/loano-una-serata-per-raccogliere-fondi-favore-del-telefono-donna-ospite-sherrita-duran\/","title":{"rendered":"A Loano una serata per raccogliere fondi a favore del &#8220;Telefono Donna&#8221;: ospite Sherrita Duran"},"content":{"rendered":"<p><strong>Loano<\/strong>. &#8220;Notte Rosa&#8221;. E&#8217; il nome dell&#8217;evento organizzato dal Comune di Loano per sabato 19 luglio per raccogliere fondi a favore di &#8220;Telefono Donna&#8221;, il Centro Antiviolenza di Savona, e sensibilizzare una volta di pi\u00f9 l&#8217;opinione pubblica sulle tematiche che affronta l&#8217;Associazione ogni giorno.<\/p>\n<p>Cuore dell&#8217;evento, che si terr\u00e0 alla Marina di Loano, sar\u00e0 il concerto di Sherrita Duran che inizier\u00e0 alle 21,30 presso l&#8217;Ice Square. &#8220;Nel 2013 sono state 254 le donne che hanno chiesto aiuto a Telefono Donna e nel primo semestre del 2014 sono gi\u00e0 pi\u00f9 di 150 le richieste. Tutto ci\u00f2 richiede un grande impegno da parte di tutte le volontarie che operano all&#8217;interno dell&#8217;Associazione sia per affrontare l&#8217;emergenza che portare avanti progetti di prevenzione e sensibilizzazione e un impegno economico non indifferente&#8221; spiega il presidente Luciana Nanni.<\/p>\n","protected":false},"excerpt":{"rendered":"<p>Loano. &#8220;Notte Rosa&#8221;. E&#8217; il nome dell&#8217;evento organizzato dal Comune di Loano per sabato 19 luglio per raccogliere fondi a favore di &#8220;Telefono Donna&#8221;, il Centro Antiviolenza di Savona, e sensibilizzare una volta di pi\u00f9 l&#8217;opinione pubblica sulle tematiche che affronta l&#8217;Associazione ogni giorno. Cuore dell&#8217;evento, che si terr\u00e0 alla Marina di Loano, sar\u00e0 il [&hellip;]<\/p>\n","protected":false},"author":13744,"featured_media":0,"comment_status":"open","ping_status":"closed","sticky":false,"template":"","format":"standard","meta":{"footnotes":""},"categories":[],"tags":[85827,48285,4279],"class_list":["post-268861","post","type-post","status-publish","format-standard","hentry","tag-loano","tag-notte-rosa","tag-telefono-donna","post_cat_citta-loano"],"amp_validity":null,"amp_enabled":true,"_links":{"self":[{"href":"https:\/\/staging.ivg.it\/ediapi\/wp\/v2\/posts\/268861","targetHints":{"allow":["GET"]}}],"collection":[{"href":"https:\/\/staging.ivg.it\/ediapi\/wp\/v2\/posts"}],"about":[{"href":"https:\/\/staging.ivg.it\/ediapi\/wp\/v2\/types\/post"}],"author":[{"embeddable":true,"href":"https:\/\/staging.ivg.it\/ediapi\/wp\/v2\/users\/13744"}],"replies":[{"embeddable":true,"href":"https:\/\/staging.ivg.it\/ediapi\/wp\/v2\/comments?post=268861"}],"version-history":[{"count":0,"href":"https:\/\/staging.ivg.it\/ediapi\/wp\/v2\/posts\/268861\/revisions"}],"wp:attachment":[{"href":"https:\/\/staging.ivg.it\/ediapi\/wp\/v2\/media?parent=268861"}],"wp:term":[{"taxonomy":"category","embeddable":true,"href":"https:\/\/staging.ivg.it\/ediapi\/wp\/v2\/categories?post=268861"},{"taxonomy":"post_tag","embeddable":true,"href":"https:\/\/staging.ivg.it\/ediapi\/wp\/v2\/tags?post=268861"}],"curies":[{"name":"wp","href":"https:\/\/api.w.org\/{rel}","templated":true}]}}