{"id":268857,"date":"2014-07-17T10:21:59","date_gmt":"2014-07-17T08:21:59","guid":{"rendered":"http:\/\/www.ivg.it\/?p=268857"},"modified":"2014-07-17T14:33:56","modified_gmt":"2014-07-17T12:33:56","slug":"auto-pirata-vado-ancora-gravissimo-il-giovane-simone-schirra","status":"publish","type":"post","link":"https:\/\/staging.ivg.it\/2014\/07\/auto-pirata-vado-ancora-gravissimo-il-giovane-simone-schirra\/","title":{"rendered":"Auto pirata a Vado falcia due 23enni del Centro Nautico: ancora grave il giovane Simone Schirra"},"content":{"rendered":"<p><strong>Vado Ligure.<\/strong> Sono ancora gravi le condizioni di Simone Schirra, il giovane di 23 anni che questa notte \u00e8 stato travolto da un&#8217;auto pirata insieme al coetaneo Marco Saltarelli mentre si trovava all&#8217;esterno del Centro Nautico di Vado Ligure.<\/p>\n<p>I due giovani, entrambi consiglieri e di conseguenza frequentatori abituali del locale, erano sul ciglio dell&#8217;Aurelia, in procinto di risalire sui loro scooter, quando poco prima dell&#8217;1.30 una Golf nera che transitava in quel momento in direzione Savona li ha travolti. La Golf ha urtato Simone che, falciato in pieno dall&#8217;auto, \u00e8 stato sbalzato ed ha picchiato violentemente la testa nella caduta sull&#8217;asfalto.<\/p>\n<p>Subito dopo la Golf ha impattato contro un altro scooter parcheggiato che, nel cadere, \u00e8 finito addosso a Marco, procurandogli la frattura di tibia e perone. L&#8217;autista della Golf, invece di fermarsi a prestare soccorso, \u00e8 immediatamente ripartito dandosi alla fuga.<\/p>\n<p>Le condizioni di Marco, portato all&#8217;ospedale San Paolo di Savona, non destano particolare preoccupazione, mentre restano gravi quelle di Simone, attualmente ricoverato nel reparto di rianimazione del Santa Corona e sul quale i medici ancora non sciolgono le riserve.<\/p>\n<p>L&#8217;incidente che li ha coinvolti ha scosso la cittadina vadese, dove i due giovani erano molto noti non solo per il loro legame con il Centro Nautico, centro aggregativo che a Vado coinvolge un gran numero di persone, ma anche per le loro attivit\u00e0 sportive (Schirra \u00e8 un centrocampista della squadra vadese, mentre Saltarelli \u00e8 il nipote dell&#8217;ex allenatore del Quiliano).<\/p>\n<p>Intanto a Vado Ligure \u00e8 caccia al pirata: le indagini vertono soprattutto sullo specchietto perso dalla Golf, ma si spera anche nella presenza sul posto di qualche telecamera che possa aver ripreso la scena.<\/p>\n","protected":false},"excerpt":{"rendered":"<p>Vado Ligure. Sono ancora gravi le condizioni di Simone Schirra, il giovane di 23 anni che questa notte \u00e8 stato travolto da un&#8217;auto pirata insieme al coetaneo Marco Saltarelli mentre si trovava all&#8217;esterno del Centro Nautico di Vado Ligure. I due giovani, entrambi consiglieri e di conseguenza frequentatori abituali del locale, erano sul ciglio dell&#8217;Aurelia, [&hellip;]<\/p>\n","protected":false},"author":10593,"featured_media":0,"comment_status":"open","ping_status":"closed","sticky":false,"template":"","format":"standard","meta":{"footnotes":""},"categories":[34],"tags":[309,55993,56005,55992,85979],"class_list":["post-268857","post","type-post","status-publish","format-standard","hentry","category-cronaca","tag-incidente","tag-marco-saltarelli","tag-pirata-strada-vado","tag-simone-schirra","tag-vado-ligure","post_cat_citta-vado-ligure"],"amp_validity":null,"amp_enabled":true,"_links":{"self":[{"href":"https:\/\/staging.ivg.it\/ediapi\/wp\/v2\/posts\/268857","targetHints":{"allow":["GET"]}}],"collection":[{"href":"https:\/\/staging.ivg.it\/ediapi\/wp\/v2\/posts"}],"about":[{"href":"https:\/\/staging.ivg.it\/ediapi\/wp\/v2\/types\/post"}],"author":[{"embeddable":true,"href":"https:\/\/staging.ivg.it\/ediapi\/wp\/v2\/users\/10593"}],"replies":[{"embeddable":true,"href":"https:\/\/staging.ivg.it\/ediapi\/wp\/v2\/comments?post=268857"}],"version-history":[{"count":0,"href":"https:\/\/staging.ivg.it\/ediapi\/wp\/v2\/posts\/268857\/revisions"}],"wp:attachment":[{"href":"https:\/\/staging.ivg.it\/ediapi\/wp\/v2\/media?parent=268857"}],"wp:term":[{"taxonomy":"category","embeddable":true,"href":"https:\/\/staging.ivg.it\/ediapi\/wp\/v2\/categories?post=268857"},{"taxonomy":"post_tag","embeddable":true,"href":"https:\/\/staging.ivg.it\/ediapi\/wp\/v2\/tags?post=268857"}],"curies":[{"name":"wp","href":"https:\/\/api.w.org\/{rel}","templated":true}]}}