{"id":268636,"date":"2014-07-14T15:43:24","date_gmt":"2014-07-14T13:43:24","guid":{"rendered":"http:\/\/www.ivg.it\/?p=268636"},"modified":"2014-07-14T15:43:24","modified_gmt":"2014-07-14T13:43:24","slug":"anci-liguria-consulta-casa-albenga-ha-ospitato-il-primo-incontro-sul-tema-delle-agenzie-sociali","status":"publish","type":"post","link":"https:\/\/staging.ivg.it\/2014\/07\/anci-liguria-consulta-casa-albenga-ha-ospitato-il-primo-incontro-sul-tema-delle-agenzie-sociali\/","title":{"rendered":"Anci Liguria Consulta Casa: Albenga ha ospitato il primo incontro sul tema delle Agenzie sociali"},"content":{"rendered":"<p><strong>Albenga<\/strong>. Si sono svolti oggi, luned\u00ec 14 luglio, presso le sale del Consiglio comunale dei Comuni di Albenga e Imperia, i primi due incontri organizzati da Anci Liguria Consulta Casa, con la collaborazione di Regione Liguria e Arte, sul tema delle Agenzie sociali per la casa.<\/p>\n<p>Indirizzati in particolare ai sindaci e agli amministratori delle Province liguri, tali appuntamenti sono stati sollecitati dal territorio e vedono come relatore in qualit\u00e0 di esperto, Bruno Pastorino, componente della Consulta Casa Nazionale di Anci.<\/p>\n<p>La finalit\u00e0 di tali approfondimenti \u00e8 di valorizzare il patrimonio immobiliare a utilizzo sociale presente sul territorio, la cui attualit\u00e0 \u00e8 testimoniata dall\u2019aumento della domanda di alloggi a canone sostenibile.<\/p>\n<p>Quest\u2019oggi ai due incontri erano presenti inoltre Giovanni Boitano, assessore alle Politiche abitative ed edilizia, lavori pubblici della Regione Liguria, l\u2019amministratore unico di Arte Savona Maurizio Raineri, e l\u2019amministratore unico di Arte Imperia, Paolo Verga.<\/p>\n<p>Con questi incontri Anci Liguria conferma il suo impegno nel fornire un percorso di crescita del territorio per la valorizzazione del patrimonio immobiliare a indirizzo sociale.<\/p>\n<p>Il terzo appuntamento \u00e8 previsto per luned\u00ec 21 luglio presso la sala del Consiglio comunale di Chiavari.<\/p>\n","protected":false},"excerpt":{"rendered":"<p>Albenga. Si sono svolti oggi, luned\u00ec 14 luglio, presso le sale del Consiglio comunale dei Comuni di Albenga e Imperia, i primi due incontri organizzati da Anci Liguria Consulta Casa, con la collaborazione di Regione Liguria e Arte, sul tema delle Agenzie sociali per la casa. Indirizzati in particolare ai sindaci e agli amministratori delle [&hellip;]<\/p>\n","protected":false},"author":13744,"featured_media":0,"comment_status":"open","ping_status":"closed","sticky":false,"template":"","format":"standard","meta":{"footnotes":""},"categories":[35],"tags":[85841,390,223],"class_list":["post-268636","post","type-post","status-publish","format-standard","hentry","category-economia","tag-albenga","tag-arte","tag-regione-liguria","post_cat_citta-albenga"],"amp_validity":null,"amp_enabled":true,"_links":{"self":[{"href":"https:\/\/staging.ivg.it\/ediapi\/wp\/v2\/posts\/268636","targetHints":{"allow":["GET"]}}],"collection":[{"href":"https:\/\/staging.ivg.it\/ediapi\/wp\/v2\/posts"}],"about":[{"href":"https:\/\/staging.ivg.it\/ediapi\/wp\/v2\/types\/post"}],"author":[{"embeddable":true,"href":"https:\/\/staging.ivg.it\/ediapi\/wp\/v2\/users\/13744"}],"replies":[{"embeddable":true,"href":"https:\/\/staging.ivg.it\/ediapi\/wp\/v2\/comments?post=268636"}],"version-history":[{"count":0,"href":"https:\/\/staging.ivg.it\/ediapi\/wp\/v2\/posts\/268636\/revisions"}],"wp:attachment":[{"href":"https:\/\/staging.ivg.it\/ediapi\/wp\/v2\/media?parent=268636"}],"wp:term":[{"taxonomy":"category","embeddable":true,"href":"https:\/\/staging.ivg.it\/ediapi\/wp\/v2\/categories?post=268636"},{"taxonomy":"post_tag","embeddable":true,"href":"https:\/\/staging.ivg.it\/ediapi\/wp\/v2\/tags?post=268636"}],"curies":[{"name":"wp","href":"https:\/\/api.w.org\/{rel}","templated":true}]}}