{"id":268618,"date":"2014-07-14T14:41:00","date_gmt":"2014-07-14T12:41:00","guid":{"rendered":"http:\/\/www.ivg.it\/?p=268618"},"modified":"2014-07-14T14:41:00","modified_gmt":"2014-07-14T12:41:00","slug":"prevenzione-malattie-orali-negli-istituti-penitenziari-matteo-rosso-appoggia-il-progetto-dellandi","status":"publish","type":"post","link":"https:\/\/staging.ivg.it\/2014\/07\/prevenzione-malattie-orali-negli-istituti-penitenziari-matteo-rosso-appoggia-il-progetto-dellandi\/","title":{"rendered":"Prevenzione malattie orali negli istituti penitenziari, Matteo Rosso appoggia il progetto dell&#8217;Andi"},"content":{"rendered":"<p><strong>Regione<\/strong>. L\u2019Associazione Nazionale Dentisti Italiani promuove progetto di volontariato sulla prevenzione malattie orali negli istituti penitenziari.<\/p>\n<p>Matteo Rosso (<em>nella foto<\/em>), esponente di Forza Italia, presenta un&#8217;interrogazione urgente per fare il punto in Liguria: &#8220;Una strada che non solo \u00e8 utile in termini di salute ma che con costi bassissimi pu\u00f2 consentire risultati importanti in materia di risparmio per il sistema sanitario ligure\u201d. <\/p>\n<p>\u201cLa prevenzione della malattie del cavo orale \u00e8 utilissima perch\u00e9 le conseguenze negative legate ad una scarsa attivit\u00e0 di prevenzione possono avere delle ricadute sociali e sulla salute pesantissime. Per questo ho sposato appieno il progetto dell\u2019Andi, Associazione Nazionale Dentisti Italiani, di promuovere un percorso informativo anche presso gli Istituti Carcerari. Nello specifico infatti trattando con e di persone che gi\u00e0 hanno problemi di inserimento e grandi difficolt\u00e0, soprattutto una volta fuori, anche sotto il profilo economico \u00e8 chiaro che attivare un percorso di prevenzione per quanto riguarda le malattie del cavo orale, pu\u00f2 portare a degli enormi vantaggi non solo per la loro salute ma anche sotto il profilo dei costi a carico del pubblico\u201d. Lo fa sapere il consigliere regionale di Forza Italia Matteo Rosso, medico e vice presidente della Commissione Sanit\u00e0 della Regione.<\/p>\n<p>&#8220;La prevenzione delle malattie del cavo orale, infatti &#8211; prosegue Rosso -, ha costi bassissimi mentre di contro pu\u00f2 avere effetti positivi elevatissimi. L\u2019Andi sta portando avanti un progetto di volontariato, partito nel 2008, &#8216;Salute orale negli Istituti Penitenziari&#8217;, per educare i detenuti e il personale di custodia riguardo alle corrette pratiche di igiene orale e per sensibilizzare la popolazione carceraria sui rischi derivati dalle infezioni crociate&#8221;.<\/p>\n<p>&#8220;Questo &#8211; dichiara Rosso &#8211; non solo per rispondere alla situazione emergenziale del sistema carcerario italiano visto che il problema del sovraffollamento, sempre pi\u00f9 spesso, determina condizioni di sofferenza umana e situazioni di degrado non consone a un paese civile e per le stesse ragioni il diritto alla salute, soprattutto a quella orale, viene spesso disatteso, ma anche per intervenire su questo ultimo aspetto e cio\u00e8 contribuire a fare in modo che queste persone possano comunque contare su un minimo di prevenzione sanitaria, utile nel contenimento dei costi sanitaria a carico del pubblico\u201d.<\/p>\n<p>\u201cSu tale questione, quindi &#8211; conclude Matteo Rosso -, ho presentato un\u2019interrogazione per sapere se Regione Liguria in questo senso ha avviato un percorso, se intende farlo e in che termini visto che stiamo parlando di un\u2019attivit\u00e0 importante dove con poco si possono traguardare importanti risultati&#8221;.<\/p>\n","protected":false},"excerpt":{"rendered":"<p>Regione. L\u2019Associazione Nazionale Dentisti Italiani promuove progetto di volontariato sulla prevenzione malattie orali negli istituti penitenziari. Matteo Rosso (nella foto), esponente di Forza Italia, presenta un&#8217;interrogazione urgente per fare il punto in Liguria: &#8220;Una strada che non solo \u00e8 utile in termini di salute ma che con costi bassissimi pu\u00f2 consentire risultati importanti in materia [&hellip;]<\/p>\n","protected":false},"author":13744,"featured_media":0,"comment_status":"open","ping_status":"closed","sticky":false,"template":"","format":"standard","meta":{"footnotes":""},"categories":[],"tags":[1098,295],"class_list":["post-268618","post","type-post","status-publish","format-standard","hentry","tag-matteo-rosso","tag-regione","post_cat_citta-andora"],"amp_validity":null,"amp_enabled":true,"_links":{"self":[{"href":"https:\/\/staging.ivg.it\/ediapi\/wp\/v2\/posts\/268618","targetHints":{"allow":["GET"]}}],"collection":[{"href":"https:\/\/staging.ivg.it\/ediapi\/wp\/v2\/posts"}],"about":[{"href":"https:\/\/staging.ivg.it\/ediapi\/wp\/v2\/types\/post"}],"author":[{"embeddable":true,"href":"https:\/\/staging.ivg.it\/ediapi\/wp\/v2\/users\/13744"}],"replies":[{"embeddable":true,"href":"https:\/\/staging.ivg.it\/ediapi\/wp\/v2\/comments?post=268618"}],"version-history":[{"count":0,"href":"https:\/\/staging.ivg.it\/ediapi\/wp\/v2\/posts\/268618\/revisions"}],"wp:attachment":[{"href":"https:\/\/staging.ivg.it\/ediapi\/wp\/v2\/media?parent=268618"}],"wp:term":[{"taxonomy":"category","embeddable":true,"href":"https:\/\/staging.ivg.it\/ediapi\/wp\/v2\/categories?post=268618"},{"taxonomy":"post_tag","embeddable":true,"href":"https:\/\/staging.ivg.it\/ediapi\/wp\/v2\/tags?post=268618"}],"curies":[{"name":"wp","href":"https:\/\/api.w.org\/{rel}","templated":true}]}}