{"id":268484,"date":"2014-07-11T19:45:53","date_gmt":"2014-07-11T17:45:53","guid":{"rendered":"http:\/\/www.ivg.it\/?p=268484"},"modified":"2014-07-11T19:46:11","modified_gmt":"2014-07-11T17:46:11","slug":"savona-sul-priamar-convegno-nazionale-sullimpatto-sanitario-del-carbone-e-la-funzione-sociale-del-medico","status":"publish","type":"post","link":"https:\/\/staging.ivg.it\/2014\/07\/savona-sul-priamar-convegno-nazionale-sullimpatto-sanitario-del-carbone-e-la-funzione-sociale-del-medico\/","title":{"rendered":"Savona, sul Priamar convegno nazionale sull&#8217;impatto sanitario del carbone e la funzione sociale del medico"},"content":{"rendered":"<p><strong>Savona.<\/strong> Quali sono gli impatti sulla salute del carbone a livello globale e locale secondo le pi\u00f9 recenti e accreditate ricerche scientifiche? Come possono i medici aiutare i cittadini a fare prevenzione? Queste le principali domande a cui risponderanno insieme WWF Italia, Ordine dei Medici della Provincia di Savona e Associazione Medici per l&#8217;Ambiente ISDE Italia che hanno organizzato la conferenza nazionale \u201cL\u2019impatto sanitario del carbone. La funzione sociale del medico: promotore di salute e di ambiente\u201d iniziativa aperta ai media, ai medici stessi e a tutta la cittadinanza, con il patrocinio del Comune di Savona e il supporto tecnico WWF Ricerche e Progetti Srl, che si svolger\u00e0 a Savona marted\u00ec 15 luglio.<\/p>\n<p>Tra i relatori, moderati da Teresa Tacchella storica giornalista ligure della Rai, ci saranno rappresentati dell\u2019Organizzazione Mondiale della Sanit\u00e0, dell\u2019organizzazione europea Health and Environment Alliance, dell\u2019Ordine dei Medici di Savona che forniranno informazioni scientifiche sulla gravit\u00e0 dei pericoli connessi all\u2019impiego del carbone nelle centrali termoelettriche, un problema particolarmente sentito nel comprensorio della provincia di Savona a causa della presenza della centrale di Vado Ligure.<\/p>\n<p>&#8220;I medici, che sono tra gli organizzatori dell\u2019evento e gli interlocutori principali, sono chiamati sempre pi\u00f9 ad avere un importante ruolo sociale e adoperarsi alla &#8216;promozione di salute, ambiente e salute globale&#8217; come recita l\u2019articolo 5 del nuovo Codice deontologico, approvato dalla Federazione degli Ordini Medici Chirurghi e degli Odontoiatri lo scorso 18 maggio &#8211; dicono dall&#8217;Ordine &#8211; il Medico deve cogliere le occasioni offerte dalla propria attivit\u00e0 professionale per diffondere utili e precise informazioni su questioni di salute e di comportamento nei confronti dei pazienti e della comunit\u00e0&#8221;.<br \/>\n\ufffc<br \/>\n&#8220;Le campagne educative che riguardano le scelte individuali, e cio\u00e8 alimentazione, esercizio fisico e fumo sono quindi utili ma non sufficienti &#8211; proseguono &#8211; Il principale intervento di prevenzione primaria \u00e8 infatti quello basato sulla eliminazione o almeno riduzione dei fattori di rischio ambientali, che risulta per\u00f2 difficile e complesso: la prevenzione primaria si \u00e8 spesso incagliata su ostilit\u00e0 sollevate da chi sentiva propri profitti e interessi finanziari minacciati&#8221;.<\/p>\n<p>&#8220;Lo studio, pur fondamentale, delle evidenze epidemiologiche, non consente per\u00f2 una tempestiva azione di prevenzione: l\u2019epidemiologia arriva sempre troppo tardi &#8211; continuano &#8211; Il medico deve impegnarsi affinch\u00e9 venga adottato il principio di precauzione: quando esiste una forte incertezza circa i rischi e i benefici la decisione dovrebbe tendere pi\u00f9 verso la cautela per l\u2019ambiente e la salute pubblica. Il principio contrasta l\u2019atteggiamento di &#8216;stare a vedere cosa succeder\u00e0 prima di prendere provvedimenti&#8217; per non turbare interessi in gioco diversi da quelli di salute&#8221;.<\/p>\n<p>&#8220;L\u2019impegno dei medici e degli altri operatori della salute non pu\u00f2 arrestarsi su di un\u2019opera di contenimento e riparazione dei danni diretti e immediati degli agenti patogeni, ma deve anche proiettarsi su un\u2019azione a monte di pi\u00f9 ampio respiro, affinch\u00e9 la societ\u00e0 nella quale viviamo modifichi le sue priorit\u00e0 in favore della salvaguardia della salute segnatamente dei bambini di oggi e delle generazioni future &#8211; dicono ancora dall&#8217;Ordine dei Medici &#8211; Bisogna pensare ad uno sviluppo che abbia maggior rispetto dell\u2019ambiente del diritto di ogni cittadino a respirare un\u2019aria pi\u00f9 pulita&#8221;.<\/p>\n<p>&#8220;Sicuramente nel Convegno saranno presentate proposte volte a dimostrare come scelte energetiche diverse dalla combustione a carbone possano essere pi\u00f9 vantaggiose per la salute e per l\u2019occupazione. Il diritto alla salute non deve mai essere antitetico con il diritto al lavoro! E non \u00e8 certo colpa degli &#8216;ambientalisti&#8217; se sono in pericolo posti di lavoro ma delle &#8216;scelte miopi&#8217; portate avanti in questi anni&#8221;, concludono.<\/p>\n","protected":false},"excerpt":{"rendered":"<p>Savona. Quali sono gli impatti sulla salute del carbone a livello globale e locale secondo le pi\u00f9 recenti e accreditate ricerche scientifiche? Come possono i medici aiutare i cittadini a fare prevenzione? Queste le principali domande a cui risponderanno insieme WWF Italia, Ordine dei Medici della Provincia di Savona e Associazione Medici per l&#8217;Ambiente ISDE [&hellip;]<\/p>\n","protected":false},"author":13744,"featured_media":0,"comment_status":"open","ping_status":"closed","sticky":false,"template":"","format":"standard","meta":{"footnotes":""},"categories":[],"tags":[4344,516,12884,85995,85850],"class_list":["post-268484","post","type-post","status-publish","format-standard","hentry","tag-carbone","tag-medici","tag-ordine-dei-medici","tag-priamar","tag-savona","post_cat_citta-savona"],"amp_validity":null,"amp_enabled":true,"_links":{"self":[{"href":"https:\/\/staging.ivg.it\/ediapi\/wp\/v2\/posts\/268484","targetHints":{"allow":["GET"]}}],"collection":[{"href":"https:\/\/staging.ivg.it\/ediapi\/wp\/v2\/posts"}],"about":[{"href":"https:\/\/staging.ivg.it\/ediapi\/wp\/v2\/types\/post"}],"author":[{"embeddable":true,"href":"https:\/\/staging.ivg.it\/ediapi\/wp\/v2\/users\/13744"}],"replies":[{"embeddable":true,"href":"https:\/\/staging.ivg.it\/ediapi\/wp\/v2\/comments?post=268484"}],"version-history":[{"count":0,"href":"https:\/\/staging.ivg.it\/ediapi\/wp\/v2\/posts\/268484\/revisions"}],"wp:attachment":[{"href":"https:\/\/staging.ivg.it\/ediapi\/wp\/v2\/media?parent=268484"}],"wp:term":[{"taxonomy":"category","embeddable":true,"href":"https:\/\/staging.ivg.it\/ediapi\/wp\/v2\/categories?post=268484"},{"taxonomy":"post_tag","embeddable":true,"href":"https:\/\/staging.ivg.it\/ediapi\/wp\/v2\/tags?post=268484"}],"curies":[{"name":"wp","href":"https:\/\/api.w.org\/{rel}","templated":true}]}}