{"id":268388,"date":"2014-07-10T19:04:34","date_gmt":"2014-07-10T17:04:34","guid":{"rendered":"http:\/\/www.ivg.it\/?p=268388"},"modified":"2014-07-10T19:21:08","modified_gmt":"2014-07-10T17:21:08","slug":"il-forte-militare-di-monte-arena-acquisito-dal-comune","status":"publish","type":"post","link":"https:\/\/staging.ivg.it\/2014\/07\/il-forte-militare-di-monte-arena-acquisito-dal-comune\/","title":{"rendered":"Il Forte militare di Monte Arena acquisito dal Comune"},"content":{"rendered":"<p><strong>Zuccarello.<\/strong> Sfruttando il federalismo demaniale, il Comune ha presentato a novembre 2013 all\u2019Agenzia del Demanio &#8220;domanda di attribuzione a titolo non oneroso di beni di propriet\u00e0 dello stato&#8221; con riferimento appunto al citato forte militare. In questi giorni, \u00e8 pervenuto al Comune di Zuccarello il parere favorevole alla richiesta di trasferimento del bene in questione e ne \u00e8 stata deliberata deliberata l&#8217;acquisizione dal Consiglio comunale. <\/p>\n<p>Nei successivi giorni il Ministero della Difesa proceder\u00e0 al trasferimento dell\u2019immobile al Comune. &#8220;Il Forte di Monte Arena riveste per il territorio, un\u2019importanza strategica per le finalit\u00e0 di valorizzazione del patrimonio immobiliare del Comune in quanto lo stesso, pu\u00f2 essere messo in rete con il Castello, il Forte di Poggio Grande, lo Sbarramento di Zuccarello, ma anche lo stesso centro storico, e rappresentare un\u2019offerta turistica unica nel suo genere. Si tratta di una struttura difensiva totalmente interrata eretta sull\u2019ultimo tratto di catena montuosa che divide la Val Neva dalla Val Pennavaire&#8221; afferma il sindaco Stefano Mai. <\/p>\n<p>&#8220;Attualmente \u00e8 visitabile solamente il primo piano composta da circa 15 stanze collegate tra di loro da un lungo corridoio\/cunicolo che si sviluppano su circa 200 m2. Pare che vi siano altri 2 piani sotterranei che per\u00f2 non sono accessibili, probabilmente distrutti dai tedeschi in ritirata nel 1945. Da anni sono interessato a questa struttura che credo potr\u00e0 rafforzare notevolmente il pacchetto turistico, certo a medio lungo termine, con la creazione del circuito delle fortezze del territorio&#8221;. <\/p>\n<p>&#8220;Sono davvero soddisfatto di questo ennesimo risultato che consegna alla cittadinanza un\u2019altra emergenza storica che porter\u00e0 beneficio allo sviluppo turistico del borgo. Alcuni anni fa la mia amministrazione si \u00e8 anche accaparrata il &#8220;piede&#8221; della torre legata alla &#8220;Porta del Piemonte&#8221; situata all&#8217;ingresso nord del centro storico&#8221; conclude il primo cittadino di Zuccarello.<\/p>\n","protected":false},"excerpt":{"rendered":"<p>Zuccarello. Sfruttando il federalismo demaniale, il Comune ha presentato a novembre 2013 all\u2019Agenzia del Demanio &#8220;domanda di attribuzione a titolo non oneroso di beni di propriet\u00e0 dello stato&#8221; con riferimento appunto al citato forte militare. In questi giorni, \u00e8 pervenuto al Comune di Zuccarello il parere favorevole alla richiesta di trasferimento del bene in questione [&hellip;]<\/p>\n","protected":false},"author":13744,"featured_media":0,"comment_status":"open","ping_status":"closed","sticky":false,"template":"","format":"standard","meta":{"footnotes":""},"categories":[56],"tags":[7140,85969],"class_list":["post-268388","post","type-post","status-publish","format-standard","hentry","category-altre","tag-stefano-mai","tag-zuccarello","post_cat_citta-andora","post_cat_citta-zuccarello"],"amp_validity":null,"amp_enabled":true,"_links":{"self":[{"href":"https:\/\/staging.ivg.it\/ediapi\/wp\/v2\/posts\/268388","targetHints":{"allow":["GET"]}}],"collection":[{"href":"https:\/\/staging.ivg.it\/ediapi\/wp\/v2\/posts"}],"about":[{"href":"https:\/\/staging.ivg.it\/ediapi\/wp\/v2\/types\/post"}],"author":[{"embeddable":true,"href":"https:\/\/staging.ivg.it\/ediapi\/wp\/v2\/users\/13744"}],"replies":[{"embeddable":true,"href":"https:\/\/staging.ivg.it\/ediapi\/wp\/v2\/comments?post=268388"}],"version-history":[{"count":0,"href":"https:\/\/staging.ivg.it\/ediapi\/wp\/v2\/posts\/268388\/revisions"}],"wp:attachment":[{"href":"https:\/\/staging.ivg.it\/ediapi\/wp\/v2\/media?parent=268388"}],"wp:term":[{"taxonomy":"category","embeddable":true,"href":"https:\/\/staging.ivg.it\/ediapi\/wp\/v2\/categories?post=268388"},{"taxonomy":"post_tag","embeddable":true,"href":"https:\/\/staging.ivg.it\/ediapi\/wp\/v2\/tags?post=268388"}],"curies":[{"name":"wp","href":"https:\/\/api.w.org\/{rel}","templated":true}]}}