{"id":268202,"date":"2014-07-09T11:34:49","date_gmt":"2014-07-09T09:34:49","guid":{"rendered":"http:\/\/www.ivg.it\/?p=268202"},"modified":"2014-07-09T16:51:31","modified_gmt":"2014-07-09T14:51:31","slug":"svolta-net-nuovo-portale-dellunione-industriali-il-presidente-guglielmelli-valorizzare-le-nostre-imprese","status":"publish","type":"post","link":"https:\/\/staging.ivg.it\/2014\/07\/svolta-net-nuovo-portale-dellunione-industriali-il-presidente-guglielmelli-valorizzare-le-nostre-imprese\/","title":{"rendered":"SVolta.net, nuovo portale dell&#8217;Unione Industriali. Il presidente Guglielmelli: &#8220;Valorizzare le nostre imprese&#8221;"},"content":{"rendered":"<p><strong>Savona.<\/strong> Ai nastri di partenza SVolta.net, il nuovo portale online dell&#8217;Unione degli Industriali della Provincia di Savona. Un nome che coniuga il legame con il territorio (nella sigla \u201cSV\u201d di Savona) e il concetto di cambiamento e rinnovamento (svolta), per il progetto promosso dagli industriali del savonese che si propone di spostare la luce dei riflettori sul ricco e variegato mondo dell&#8217;impresa di questa parte di Liguria, sulle infinite opportunit\u00e0 rappresentate dalle realt\u00e0 imprenditoriali della provincia di Savona, sulle aziende come motore dell&#8217;economia del territorio, quali eccellenze da tutelare, preservare e sostenere.<\/p>\n<p>Attraverso filmati, approfondimenti, interviste, focus e molti altri contenuti multimediali, fruibili da personal computer e da ogni dispositivo di nuova generazione quali smartphone e tablet, Svolta.net sar\u00e0 una finestra sulla galassia dell&#8217;impresa in provincia di Savona, per dare voce a imprenditori, artigiani, lavoratori e per raccontare le aziende in modo avvincente e inedito. <\/p>\n<p>\u201cSvolta.net non sar\u00e0 solamente un altro portale online dell&#8217;Unione Industriali di Savona: per tale scopo, esiste gi\u00e0 il sito ufficiale dell&#8217;associazione. Il nuovo punto di riferimento web servir\u00e0 a sottolineare e dare il giusto rilievo alle tante notizie positive legate al mondo dell&#8217;industria e dell&#8217;impresa che, troppe volte, vengono sacrificate o deliberatamente relegate in secondo piano dai media\u201d spiega il presidente UISV Elio Guglielmelli nel presentare il progetto. <\/p>\n<p>\u201cSVolta servir\u00e0 a raccontare, in modo dinamico e accattivante, le storie nascoste delle nostre industrie, per mettere in risalto, una volta per tutte, le straordinarie potenzialit\u00e0 a nostra disposizione, troppo spesso ignorate, dimenticate o trascurate\u201d.<\/p>\n<p>&#8220;Un rapporto pi\u00f9 diretto con il pubblico, sia attraverso il nuovo portale, sia tramite l&#8217;uso dei Social Network, attraverso i profili Facebook, Twitter e YouTube dell&#8217;Unione Industriali e di Svolta.net. Per informare e tenersi in contatto con l&#8217;utenza, a partire dalla provincia di Savona. \u201cVogliamo riaffermare, a gran voce, che sul nostro territorio \u00e8 ancora possibile fare impresa e che la nostra categoria pu\u00f2 e anzi deve rappresentare, con la giusta attenzione, con il dovuto sostegno, il punto di passaggio imprescindibile e indiscutibile per il rilancio del territorio, dal punto di vista della produttivit\u00e0, e dal punto di vista dell&#8217;occupazione\u201d prosegue il presidente Guglielmelli.<\/p>\n<p>La presentazione ufficiale di Svolta.net avverr\u00e0 nel corso della consueta assemblea annuale dell&#8217;Unione degli Industriali della Provincia di Savona. <\/p>\n","protected":false},"excerpt":{"rendered":"<p>Savona. Ai nastri di partenza SVolta.net, il nuovo portale online dell&#8217;Unione degli Industriali della Provincia di Savona. Un nome che coniuga il legame con il territorio (nella sigla \u201cSV\u201d di Savona) e il concetto di cambiamento e rinnovamento (svolta), per il progetto promosso dagli industriali del savonese che si propone di spostare la luce dei [&hellip;]<\/p>\n","protected":false},"author":13744,"featured_media":0,"comment_status":"open","ping_status":"closed","sticky":false,"template":"","format":"standard","meta":{"footnotes":""},"categories":[35],"tags":[14709,85850,55764,15568],"class_list":["post-268202","post","type-post","status-publish","format-standard","hentry","category-economia","tag-elio-guglielmelli","tag-savona","tag-svolta-net","tag-unione-industriali-savona","post_cat_citta-andora","post_cat_citta-savona"],"amp_validity":null,"amp_enabled":true,"_links":{"self":[{"href":"https:\/\/staging.ivg.it\/ediapi\/wp\/v2\/posts\/268202","targetHints":{"allow":["GET"]}}],"collection":[{"href":"https:\/\/staging.ivg.it\/ediapi\/wp\/v2\/posts"}],"about":[{"href":"https:\/\/staging.ivg.it\/ediapi\/wp\/v2\/types\/post"}],"author":[{"embeddable":true,"href":"https:\/\/staging.ivg.it\/ediapi\/wp\/v2\/users\/13744"}],"replies":[{"embeddable":true,"href":"https:\/\/staging.ivg.it\/ediapi\/wp\/v2\/comments?post=268202"}],"version-history":[{"count":0,"href":"https:\/\/staging.ivg.it\/ediapi\/wp\/v2\/posts\/268202\/revisions"}],"wp:attachment":[{"href":"https:\/\/staging.ivg.it\/ediapi\/wp\/v2\/media?parent=268202"}],"wp:term":[{"taxonomy":"category","embeddable":true,"href":"https:\/\/staging.ivg.it\/ediapi\/wp\/v2\/categories?post=268202"},{"taxonomy":"post_tag","embeddable":true,"href":"https:\/\/staging.ivg.it\/ediapi\/wp\/v2\/tags?post=268202"}],"curies":[{"name":"wp","href":"https:\/\/api.w.org\/{rel}","templated":true}]}}