{"id":267975,"date":"2014-07-07T12:00:29","date_gmt":"2014-07-07T10:00:29","guid":{"rendered":"http:\/\/www.ivg.it\/?p=267975"},"modified":"2014-07-07T19:02:14","modified_gmt":"2014-07-07T17:02:14","slug":"calcio-ancora-un-successo-per-la-cantera-savonese-ragazzi-del-99-trionfano-nella-copa-catalunya","status":"publish","type":"post","link":"https:\/\/staging.ivg.it\/2014\/07\/calcio-ancora-un-successo-per-la-cantera-savonese-ragazzi-del-99-trionfano-nella-copa-catalunya\/","title":{"rendered":"Calcio, ancora un successo per la Cantera savonese: i ragazzi del &#8217;99 trionfano nella &#8220;Copa Catalunya&#8221;"},"content":{"rendered":"<p><strong>Savona<\/strong>. Dopo l&#8217;ottimo esordio stagionale in campo internazionale a Barcellona, in cui con una entusiasmante prova di carattere gli Allievi B della &#8220;blanco-roha&#8221; si erano portati a casa per la seconda volta consecutiva la 7\u00aa edizione della &#8220;Master Cup Excellent &#8211; Spain Sportive&#8221;, l&#8217;innovativo sodalizio biancorosso \u00e8 tornato a vincere in Costa Brava, aggiudicandosi a Santa Susanna, con i terribili ragazzi del &#8217;99 (pi\u00f9 due fuoriquota &#8217;98, come da regolamento Komm Mit), la 27\u00aa &#8220;Copa Catalunya&#8221;.<\/p>\n<p>La compagine che ha indossato le maglie con il logo della torretta Leon Pancaldo (simbolo della savonesit\u00e0) sul petto, ha affrontato tutte le sfide che l&#8217;hanno vista impegnata, con spirito di gruppo, eccezionale forza di carattere e tantissima determinazione, vedendosela con equipe giovanili tra le pi\u00f9 blasonate d&#8217;Europa e con team extraeuropei di rango.<\/p>\n<p>Il responsabile tecnico della &#8220;Turrita&#8221; mister Felicino Vaniglia ha cos\u00ec sintetizzato le emozionanti tappe di questa ennesima impresa sportiva: &#8220;Non \u00e8 mai facile confermarsi a questi livelli, specie se si \u00e8 detentori di un titolo e tutti cercano qundi di batterti. Inoltre sapere che chi ti ha preceduto lo ha gi\u00e0 fatto pu\u00f2 darti pressione e diventa pertanto basilare la gestione del gruppo dal punto di vista emozionale-psicologico. Le energie profuse a iosa da tutti indistintamente (giocatori, staff ed accompagnatori al seguito) hanno produttivamente allenato cuore, menti e muscoli dei giovani campioncini che abbiamo messo ancora una volta in vetrina. In una sola settimana questi fantastici ragazzi hanno svolto tre giorni di efficaci allenamenti, tre riunioni tattiche e due minitornei interni a Pineda dedicando la massima attenzione alla ricerca della qualit\u00e0 del gioco e dimostrando tanta disponibilit\u00e0 e capacit\u00e0 di concentrazione&#8221;.<\/p>\n<p>Ecco la tabella di marcia che ha portato i talentini savonesi al trionfo finale del prestigioso torneo a 15 squadre, inizialmente suddivise in 3 gruppi da 5.<\/p>\n<p>Eliminatorie <\/p>\n<p>campo di Sant Pol 9-0 contro il Baerums VH &#8211; Norvegia (con poker di Dapelo e reti di Galati-Saporito-Lika-Pascolini e Cavallone));<\/p>\n<p>campo di Sant Pol 3-0 contro il Bjarreds IF &#8211; Svezia (con reti di Dapelo, Metalla e Ottonello);<\/p>\n<p>campo di Sant Pol 7-0 contro il CSD Los Aromos &#8211; Argentina (con doppiette di Dapelo e Metalla e reti di Saporito, Galati e Magnani);<\/p>\n<p>campo di Sant Pol 7-0 contro il CSD Los Aromos &#8211; Argentina (con doppiette di Dapelo e Metalla e reti di Saporito, Galati e Magnani);<\/p>\n<p>campo di Sant Pol 9-0 contro Polisportiva di Nova &#8211; Italia (con 4 reti di Dapelo seguite dalle reti di Saporito, Galati, Revello, Ottonello e Metalla);<\/p>\n<p>Quarto di finale<\/p>\n<p>campo di Malgrat de Mar 2-0 contro Bjarreds 1 &#8211; Svezia (reti di Dapelo e Morselli)<\/p>\n<p>Semifinale<\/p>\n<p>campo di Malgrat 2-1 in rimonta contro il Cant\u00f9 &#8211; Italia (reti di Saporito e Metalla)<\/p>\n<p>Finalissima<\/p>\n<p>stadio di Pineda 0-0 contro La Academia 2M12 &#8211; Spagna; segue 3-1 dopo 4 tiri da rigore (3 dei quali trasformati da Dapelo &#8211; Cavallone &#8211; Basso), un risultato determinato dalla mira infallibile dei rigoristi ma soprattutto dalle magistrali parate di un super Sadiku capace di annullare ben tre tentativi avversari.<\/p>\n<p>Questo l&#8217;elenco dei 22 calciatori che hanno partecipato alla vincente spedizione, suddivisi per ruolo. Portieri: Sadiku Denis (Savona), Grillo Davide (Finale), Ottonello Alessio (Quiliano). Difensori centrali: capitano Cavallone Pietro (Quiliano), Robino Matteo e Demiglio Nicol\u00f2 (Vado FC). Esterni bassi: Pascolini Alessio (Savona), Magnani Daniele (Veloce), Orlando Francesco (Voltrese). Centrocampisti: Revello Alessandro e Ottonello Jacopo (Savona), Basso Gian Marco (Baia Alassio), Centino Marco (Vado FC), Greco Alessandro (Albissola), Olivieri Matteo (Veloce), Lika Atilio (Carcarese). Attaccanti: vice capitano Dapelo Filippo, capocannoniere del torneo con 12 centri, Morselli Lorenzo e Galati Michele (Savona), Metalla Elvis (Golfodianese), Colombino Davide (Vado FC), Saporito Daniele (Veloce).<\/p>\n<p>Lo staff tecnico organizzativo che ha portato i colori della Cantera Torre de Leon a trionfare in terra di Catalogna \u00e8 stato cos\u00ec composto. Responsabile organizzativo e public relationist: Mendicino Massimo, promotor dell&#8217;iniziativa e gestore dei rapporti con Sporturismo, organizzazione certificata Uefa. Responsabile tecnico: Vaniglia Felicino (selezionatore della delegazione provinciale savonese della Figc).<\/p>\n<p>E ancora, team manager e accompagnatore ufficiale Ghersi Roberto; medico sociale e gestore defibrillatore dottor Centino Giuseppe; responsabile tifoseria Galati Vito; rapporti genitoriali Revello Fulvio e Tassinari Anna; coach assistant e preparatore atletico Orlando Rocco; preparatore portieri Pascolini Roberto; high tecnology Ottonello Roberto; mascotte Centino Christian (Nadal).<\/p>\n<p>In viaggio premio, pur non potendo essere impiegato, si \u00e8 aggregato Rampini Edoardo, al fine di condividere con i compagni\/amici una bella vacanza fatta di sport e di divertimento. Un saluto cordiale ed un arrivederci va all&#8217;attaccante Doci Gentiam che per improvvisi motivi personali \u00e8 stato costretto a saltare questo giro.<\/p>\n<p>Durante il &#8220;tournament&#8221; si sono condotti interventi di &#8220;medicina preventiva&#8221; sul tema delle dipendenze (alcool, fumo, droghe, gioco, eccetera) e delle azioni virtuose dei giovani atleti nel campo dell&#8217;alimentazione e delle buone abitudini che favoriscono le performances.<\/p>\n<p>A tutte le societ\u00e0 di appartenenza dei 22 giocatori che hanno partecipato a questa fortunata edizione 2014 della Copa Catalunya (con rilascio del regolare nulla osta ai loro tesserati e della fotocopia della visita medica di idoneit\u00e0 aggiornata) il comitato organizzatore della Cantera desidera invia un doveroso e cordiale ringraziamento.<\/p>\n","protected":false},"excerpt":{"rendered":"<p>Savona. Dopo l&#8217;ottimo esordio stagionale in campo internazionale a Barcellona, in cui con una entusiasmante prova di carattere gli Allievi B della &#8220;blanco-roha&#8221; si erano portati a casa per la seconda volta consecutiva la 7\u00aa edizione della &#8220;Master Cup Excellent &#8211; Spain Sportive&#8221;, l&#8217;innovativo sodalizio biancorosso \u00e8 tornato a vincere in Costa Brava, aggiudicandosi a [&hellip;]<\/p>\n","protected":false},"author":13744,"featured_media":0,"comment_status":"open","ping_status":"closed","sticky":false,"template":"","format":"standard","meta":{"footnotes":""},"categories":[182,32],"tags":[85989,5327,32840,41208],"class_list":["post-267975","post","type-post","status-publish","format-standard","hentry","category-calcio","category-sport","tag-calcio","tag-calcio-giovanile","tag-felicino-vaniglia","tag-massimo-mendicino","post_cat_citta-alassio","post_cat_citta-albissola-marina","post_cat_citta-carcare","post_cat_citta-finale-ligure","post_cat_citta-quiliano","post_cat_citta-savona","post_cat_citta-vado-ligure"],"amp_validity":null,"amp_enabled":true,"_links":{"self":[{"href":"https:\/\/staging.ivg.it\/ediapi\/wp\/v2\/posts\/267975","targetHints":{"allow":["GET"]}}],"collection":[{"href":"https:\/\/staging.ivg.it\/ediapi\/wp\/v2\/posts"}],"about":[{"href":"https:\/\/staging.ivg.it\/ediapi\/wp\/v2\/types\/post"}],"author":[{"embeddable":true,"href":"https:\/\/staging.ivg.it\/ediapi\/wp\/v2\/users\/13744"}],"replies":[{"embeddable":true,"href":"https:\/\/staging.ivg.it\/ediapi\/wp\/v2\/comments?post=267975"}],"version-history":[{"count":0,"href":"https:\/\/staging.ivg.it\/ediapi\/wp\/v2\/posts\/267975\/revisions"}],"wp:attachment":[{"href":"https:\/\/staging.ivg.it\/ediapi\/wp\/v2\/media?parent=267975"}],"wp:term":[{"taxonomy":"category","embeddable":true,"href":"https:\/\/staging.ivg.it\/ediapi\/wp\/v2\/categories?post=267975"},{"taxonomy":"post_tag","embeddable":true,"href":"https:\/\/staging.ivg.it\/ediapi\/wp\/v2\/tags?post=267975"}],"curies":[{"name":"wp","href":"https:\/\/api.w.org\/{rel}","templated":true}]}}