{"id":267911,"date":"2014-07-06T16:14:31","date_gmt":"2014-07-06T14:14:31","guid":{"rendered":"http:\/\/www.ivg.it\/?p=267911"},"modified":"2014-07-06T16:14:31","modified_gmt":"2014-07-06T14:14:31","slug":"albenga-palio-dei-rioni-cangiano-toglie-la-tassa-di-1-euro-ma-non-ce-spazio-per-le-cantine","status":"publish","type":"post","link":"https:\/\/staging.ivg.it\/2014\/07\/albenga-palio-dei-rioni-cangiano-toglie-la-tassa-di-1-euro-ma-non-ce-spazio-per-le-cantine\/","title":{"rendered":"Albenga, Palio dei Rioni: Cangiano toglie la tassa di 1 euro. Ma non c&#8217;\u00e8 spazio per le cantine"},"content":{"rendered":"<p><strong>Albenga<\/strong>. Come per ogni evento atteso che si rispetti, non si fa attendere la coda di polemiche e voci di corridoio nei giorni precedenti alla partenza ufficiale. <\/p>\n<p>La novit\u00e0 pi\u00f9 importante di questa edizione 2014 \u00e8, senza dubbio, la decisione da parte del sindaco Cangiano di eliminare la gabella di un euro (e il braccialetto colorato) che, fino all&#8217;anno scorso, era un dazio obbligatorio per poter accedere alla manifestazione. <\/p>\n<p>25 mila euro in meno nelle casse del Comune, fa notare qualche detrattore, che potrebbero pesare sensibilmente sulla riuscita del Palio. Al Secolo XIX, l&#8217;ex sindaco Rosy Guarnieri, ha dichiarato che quei soldi servivano proprio per migliorare la qualit\u00e0 dell&#8217;evento. <\/p>\n<p>Secondo capitolo: le cantine. Lo sviluppo in ascesa del centro storico di Albenga ha pro e contro. Tra i pro, sicuramente c&#8217;\u00e8 il rilancio della piazzetta San Francesco, fino a poco tempo fa occupata dagli islamici, e ora centro nevralgico della rinascita del cuore ingauno, con un fiorire di attivit\u00e0, tra bar e locali, e la new entry della nota norcineria &#8220;La Cantina di Re Carciofo&#8221;, che da piazza delle Erbe si sposta nella nuova location. <\/p>\n<p>Ebbene, il problema sta nel fatto che la rivalutata piazza San Francesco \u00e8 sempre servita per allestire le strutture in tubi innocenti delle cantine, ora questo spazio non c&#8217;\u00e8 pi\u00f9. A rischio, dunque, la partecipazione di uno dei rioni pi\u00f9 importanti, quello di Santa Maria, che si appoggiava proprio alla piazza ora occupata. <\/p>\n<p>Arrivano per\u00f2, sempre sul Secolo, le parole del presidente del Consiglio e delegato al Turismo Alberto Passino, che smentiscono tutti i rischi e rassicurano sulla riuscita dell&#8217;atteso Palio. <\/p>\n","protected":false},"excerpt":{"rendered":"<p>Albenga. Come per ogni evento atteso che si rispetti, non si fa attendere la coda di polemiche e voci di corridoio nei giorni precedenti alla partenza ufficiale. La novit\u00e0 pi\u00f9 importante di questa edizione 2014 \u00e8, senza dubbio, la decisione da parte del sindaco Cangiano di eliminare la gabella di un euro (e il braccialetto [&hellip;]<\/p>\n","protected":false},"author":13744,"featured_media":0,"comment_status":"open","ping_status":"closed","sticky":false,"template":"","format":"standard","meta":{"footnotes":""},"categories":[31],"tags":[85841,20169,25104],"class_list":["post-267911","post","type-post","status-publish","format-standard","hentry","category-politica","tag-albenga","tag-alberto-passino","tag-palio-dei-rioni","post_cat_citta-albenga"],"amp_validity":null,"amp_enabled":true,"_links":{"self":[{"href":"https:\/\/staging.ivg.it\/ediapi\/wp\/v2\/posts\/267911","targetHints":{"allow":["GET"]}}],"collection":[{"href":"https:\/\/staging.ivg.it\/ediapi\/wp\/v2\/posts"}],"about":[{"href":"https:\/\/staging.ivg.it\/ediapi\/wp\/v2\/types\/post"}],"author":[{"embeddable":true,"href":"https:\/\/staging.ivg.it\/ediapi\/wp\/v2\/users\/13744"}],"replies":[{"embeddable":true,"href":"https:\/\/staging.ivg.it\/ediapi\/wp\/v2\/comments?post=267911"}],"version-history":[{"count":0,"href":"https:\/\/staging.ivg.it\/ediapi\/wp\/v2\/posts\/267911\/revisions"}],"wp:attachment":[{"href":"https:\/\/staging.ivg.it\/ediapi\/wp\/v2\/media?parent=267911"}],"wp:term":[{"taxonomy":"category","embeddable":true,"href":"https:\/\/staging.ivg.it\/ediapi\/wp\/v2\/categories?post=267911"},{"taxonomy":"post_tag","embeddable":true,"href":"https:\/\/staging.ivg.it\/ediapi\/wp\/v2\/tags?post=267911"}],"curies":[{"name":"wp","href":"https:\/\/api.w.org\/{rel}","templated":true}]}}