{"id":267487,"date":"2014-07-01T17:37:52","date_gmt":"2014-07-01T15:37:52","guid":{"rendered":"http:\/\/www.ivg.it\/?p=267487"},"modified":"2014-07-01T17:37:52","modified_gmt":"2014-07-01T15:37:52","slug":"concordia-genova-schneck-guarda-lontano-grande-opportunita-di-crescita-per-liguria-e-savonese","status":"publish","type":"post","link":"https:\/\/staging.ivg.it\/2014\/07\/concordia-genova-schneck-guarda-lontano-grande-opportunita-di-crescita-per-liguria-e-savonese\/","title":{"rendered":"Concordia a Genova, Schneck guarda lontano: &#8220;Grande opportunit\u00e0 di crescita per Liguria e savonese&#8221;"},"content":{"rendered":"<p><strong>Liguria<\/strong>. La Concordia verr\u00e0 smantellata a Genova dopo un lunga tira e molla fra Liguria e Toscana, in cui Genova ha avuto la meglio sulla pi\u00f9 vicina Piombino. <\/p>\n<p>La notizia \u00e8 stata accolta con grande favore dai cittadini della &#8216;superba&#8217; in quanto potrebbe rappresentare una grande occasione per le imprese di tutta la regione. Un possibile grande input alla crescita e alla ripresa dell&#8217;economia territoriale, con la Liguria che si impone all&#8217;attenzione internazionale come terra altamente professionalizzata in materia portuale e marittima. <\/p>\n<p>Arriva anche il commento positivo dell&#8217;ex assessore provinciale e vice sindaco di Albenga Roberto Schneck, che vede in questa commissione una grande opportunit\u00e0 anche per il savonese: &#8220;In tutto il Mediterraneo, il Porto di Genova \u00e8 stato scelto per la demolizione della Costa Concordia. Questo porter\u00e0 lavoro diretto ed indotto per centinaia di milioni di euro alle imprese Liguri e, soprattutto, pone Genova e la Liguria quale eccellenza mondiale per queste particolarissime lavorazioni aprendo prospettive di sviluppo e di lavoro enormi&#8221;. <\/p>\n<p>Come sottolinea Schneck, si parla di grandi prospettive di crescita per la nostra regione e non solo, dando cos\u00ec nuova linfa a quelle realt\u00e0 che in questo periodo di crisi chiudono il bilancio con il segno meno. <\/p>\n<p>&#8220;L&#8217;esperienza &#8211; conclude l&#8217;ex assessore provinciale &#8211; mi porta a credere poco alle coincidenze quindi mi congratulo sinceramente con i vertici dell&#8217;Amministrazione regionale e dell&#8217;Autorit\u00e0 Portuale&#8221;.<\/p>\n","protected":false},"excerpt":{"rendered":"<p>Liguria. La Concordia verr\u00e0 smantellata a Genova dopo un lunga tira e molla fra Liguria e Toscana, in cui Genova ha avuto la meglio sulla pi\u00f9 vicina Piombino. La notizia \u00e8 stata accolta con grande favore dai cittadini della &#8216;superba&#8217; in quanto potrebbe rappresentare una grande occasione per le imprese di tutta la regione. Un [&hellip;]<\/p>\n","protected":false},"author":13744,"featured_media":0,"comment_status":"open","ping_status":"closed","sticky":false,"template":"","format":"standard","meta":{"footnotes":""},"categories":[35],"tags":[393,3039,54761],"class_list":["post-267487","post","type-post","status-publish","format-standard","hentry","category-economia","tag-liguria","tag-roberto-schneck","tag-smantellamento-concordia","post_cat_citta-andora"],"amp_validity":null,"amp_enabled":true,"_links":{"self":[{"href":"https:\/\/staging.ivg.it\/ediapi\/wp\/v2\/posts\/267487","targetHints":{"allow":["GET"]}}],"collection":[{"href":"https:\/\/staging.ivg.it\/ediapi\/wp\/v2\/posts"}],"about":[{"href":"https:\/\/staging.ivg.it\/ediapi\/wp\/v2\/types\/post"}],"author":[{"embeddable":true,"href":"https:\/\/staging.ivg.it\/ediapi\/wp\/v2\/users\/13744"}],"replies":[{"embeddable":true,"href":"https:\/\/staging.ivg.it\/ediapi\/wp\/v2\/comments?post=267487"}],"version-history":[{"count":0,"href":"https:\/\/staging.ivg.it\/ediapi\/wp\/v2\/posts\/267487\/revisions"}],"wp:attachment":[{"href":"https:\/\/staging.ivg.it\/ediapi\/wp\/v2\/media?parent=267487"}],"wp:term":[{"taxonomy":"category","embeddable":true,"href":"https:\/\/staging.ivg.it\/ediapi\/wp\/v2\/categories?post=267487"},{"taxonomy":"post_tag","embeddable":true,"href":"https:\/\/staging.ivg.it\/ediapi\/wp\/v2\/tags?post=267487"}],"curies":[{"name":"wp","href":"https:\/\/api.w.org\/{rel}","templated":true}]}}